{"id":956,"date":"2023-01-23T11:04:24","date_gmt":"2023-01-23T14:04:24","guid":{"rendered":"https:\/\/www.ffetiquetas.com.br\/?p=956"},"modified":"2023-01-23T11:04:24","modified_gmt":"2023-01-23T14:04:24","slug":"etiquetas-transfer","status":"publish","type":"post","link":"https:\/\/www.ffetiquetas.com.br\/blog\/2023\/01\/23\/etiquetas-transfer\/","title":{"rendered":"<strong>Etiquetas transfer: por que utiliz\u00e1-las em seus produtos?<\/strong>"},"content":{"rendered":"\n<p>J\u00e1 ouviu falar nas etiquetas transfer? Elas s\u00e3o uma \u00f3tima maneira de <strong>agregar valor a sua marca<\/strong> e se destacar da concorr\u00eancia at\u00e9 nos m\u00ednimos detalhes.<\/p>\n\n\n\n<p>As etiquetas transfer s\u00e3o <strong>impressas diretamente no tecido<\/strong>, e muito utilizadas por com\u00e9rcios de roupas. Essa etiqueta faz a transfer\u00eancia do conte\u00fado de uma imagem por press\u00e3o e calor para o tecido por atrav\u00e9s de uma <strong>prensa<\/strong>, um m\u00e9todo muito utilizado para customizar camisetas e, assim, torn\u00e1-las mais exclusivas.<\/p>\n\n\n\n<p>As etiquetas transfer t\u00eam sido utilizadas para substituir as etiquetas internas (de costura), pois elas evitam tamb\u00e9m que o usu\u00e1rio da roupa fique <strong>incomodado<\/strong> ou com coceiras.<\/p>\n\n\n\n<p>Diferente da sublima\u00e7\u00e3o, que s\u00f3 pode ser feita em tecido de poli\u00e9ster em cores claras, as etiquetas transfer aceitam variados tipos de tecidos e cores, e por isso s\u00e3o um m\u00e9todo de impress\u00e3o superior.<\/p>\n\n\n\n<div id=\"ez-toc-container\" class=\"ez-toc-v2_0_69_1 counter-hierarchy ez-toc-counter ez-toc-grey ez-toc-container-direction\">\n<div class=\"ez-toc-title-container\">\n<p class=\"ez-toc-title\" style=\"cursor:inherit\">O que abordaremos neste artigo:<\/p>\n<span class=\"ez-toc-title-toggle\"><a href=\"#\" class=\"ez-toc-pull-right ez-toc-btn ez-toc-btn-xs ez-toc-btn-default ez-toc-toggle\" aria-label=\"Toggle Table of Content\"><span class=\"ez-toc-js-icon-con\"><span class=\"\"><span class=\"eztoc-hide\" style=\"display:none;\">Toggle<\/span><span class=\"ez-toc-icon-toggle-span\"><svg style=\"fill: #999;color:#999\" xmlns=\"http:\/\/www.w3.org\/2000\/svg\" class=\"list-377408\" width=\"20px\" height=\"20px\" viewBox=\"0 0 24 24\" fill=\"none\"><path d=\"M6 6H4v2h2V6zm14 0H8v2h12V6zM4 11h2v2H4v-2zm16 0H8v2h12v-2zM4 16h2v2H4v-2zm16 0H8v2h12v-2z\" fill=\"currentColor\"><\/path><\/svg><svg style=\"fill: #999;color:#999\" class=\"arrow-unsorted-368013\" xmlns=\"http:\/\/www.w3.org\/2000\/svg\" width=\"10px\" height=\"10px\" viewBox=\"0 0 24 24\" version=\"1.2\" baseProfile=\"tiny\"><path d=\"M18.2 9.3l-6.2-6.3-6.2 6.3c-.2.2-.3.4-.3.7s.1.5.3.7c.2.2.4.3.7.3h11c.3 0 .5-.1.7-.3.2-.2.3-.5.3-.7s-.1-.5-.3-.7zM5.8 14.7l6.2 6.3 6.2-6.3c.2-.2.3-.5.3-.7s-.1-.5-.3-.7c-.2-.2-.4-.3-.7-.3h-11c-.3 0-.5.1-.7.3-.2.2-.3.5-.3.7s.1.5.3.7z\"\/><\/svg><\/span><\/span><\/span><\/a><\/span><\/div>\n<nav><ul class='ez-toc-list ez-toc-list-level-1 ' ><li class='ez-toc-page-1 ez-toc-heading-level-2'><a class=\"ez-toc-link ez-toc-heading-1\" href=\"https:\/\/www.ffetiquetas.com.br\/blog\/2023\/01\/23\/etiquetas-transfer\/#Vantagens_dessa_tecnica_de_impressao\" title=\"Vantagens dessa t\u00e9cnica de impress\u00e3o\">Vantagens dessa t\u00e9cnica de impress\u00e3o<\/a><ul class='ez-toc-list-level-3' ><li class='ez-toc-heading-level-3'><a class=\"ez-toc-link ez-toc-heading-2\" href=\"https:\/\/www.ffetiquetas.com.br\/blog\/2023\/01\/23\/etiquetas-transfer\/#Melhora_a_satisfacao_do_consumidor\" title=\"Melhora a satisfa\u00e7\u00e3o do consumidor\">Melhora a satisfa\u00e7\u00e3o do consumidor<\/a><\/li><li class='ez-toc-page-1 ez-toc-heading-level-3'><a class=\"ez-toc-link ez-toc-heading-3\" href=\"https:\/\/www.ffetiquetas.com.br\/blog\/2023\/01\/23\/etiquetas-transfer\/#Nao_ha_quantidade_minima_para_estampar\" title=\"N\u00e3o h\u00e1 quantidade m\u00ednima para estampar\">N\u00e3o h\u00e1 quantidade m\u00ednima para estampar<\/a><\/li><li class='ez-toc-page-1 ez-toc-heading-level-3'><a class=\"ez-toc-link ez-toc-heading-4\" href=\"https:\/\/www.ffetiquetas.com.br\/blog\/2023\/01\/23\/etiquetas-transfer\/#Baixo_investimento\" title=\"Baixo investimento\">Baixo investimento<\/a><\/li><li class='ez-toc-page-1 ez-toc-heading-level-3'><a class=\"ez-toc-link ez-toc-heading-5\" href=\"https:\/\/www.ffetiquetas.com.br\/blog\/2023\/01\/23\/etiquetas-transfer\/#Qualidade_ideal\" title=\"Qualidade ideal\">Qualidade ideal<\/a><\/li><li class='ez-toc-page-1 ez-toc-heading-level-3'><a class=\"ez-toc-link ez-toc-heading-6\" href=\"https:\/\/www.ffetiquetas.com.br\/blog\/2023\/01\/23\/etiquetas-transfer\/#Pode_ser_utilizado_em_diferentes_tecidos_e_de_diferentes_tonalidades\" title=\"Pode ser utilizado em diferentes tecidos e de diferentes tonalidades\">Pode ser utilizado em diferentes tecidos e de diferentes tonalidades<\/a><\/li><li class='ez-toc-page-1 ez-toc-heading-level-3'><a class=\"ez-toc-link ez-toc-heading-7\" href=\"https:\/\/www.ffetiquetas.com.br\/blog\/2023\/01\/23\/etiquetas-transfer\/#Pode_estampar_outros_materiais\" title=\"Pode estampar outros materiais\">Pode estampar outros materiais<\/a><\/li><\/ul><\/li><\/ul><\/nav><\/div>\n<h2 class=\"wp-block-heading\"><span class=\"ez-toc-section\" id=\"Vantagens_dessa_tecnica_de_impressao\"><\/span><strong>Vantagens dessa t\u00e9cnica de impress\u00e3o<\/strong><span class=\"ez-toc-section-end\"><\/span><\/h2>\n\n\n\n<p>Agora que voc\u00ea j\u00e1 sabe como funciona a cria\u00e7\u00e3o das etiquetas transfer, entenda porque pode ser interessante adotar essa estrat\u00e9gia no seu neg\u00f3cio!<\/p>\n\n\n\n<h3 class=\"wp-block-heading\"><span class=\"ez-toc-section\" id=\"Melhora_a_satisfacao_do_consumidor\"><\/span><strong>Melhora a satisfa\u00e7\u00e3o do consumidor<\/strong><span class=\"ez-toc-section-end\"><\/span><\/h3>\n\n\n\n<p>Com as etiquetas transfer, voc\u00ea vai trazer um visual \u00fanico e moderno para algo que antes era apenas uma <strong>obriga\u00e7\u00e3o legislativa<\/strong>.<\/p>\n\n\n\n<p>As etiquetas s\u00e3o obrigat\u00f3rias para as roupas e outros tecidos, pois cont\u00e9m <strong>informa\u00e7\u00f5es essenciais<\/strong> sobre o tamanho, origem, lavagem e outras caracter\u00edsticas. No entanto, elas n\u00e3o precisam ser \u201cquadradas\u201d.<\/p>\n\n\n\n<p>Isso porque, as etiquetas transfer s\u00e3o capazes de transformar o que antes era visto como um inc\u00f4modo para os usu\u00e1rios de roupas (as etiquetas) em algo que traz ainda mais <strong>individualidade<\/strong> para o seu produto.<\/p>\n\n\n\n<p>Dessa forma, voc\u00ea mostra que se preocupa com seu cliente e ainda traz um diferencial para suas roupas, o que pode atrair ainda mais consumidores.<\/p>\n\n\n\n<h3 class=\"wp-block-heading\"><span class=\"ez-toc-section\" id=\"Nao_ha_quantidade_minima_para_estampar\"><\/span><strong>N\u00e3o h\u00e1 quantidade m\u00ednima para estampar<\/strong><span class=\"ez-toc-section-end\"><\/span><\/h3>\n\n\n\n<p>Ao optar pelas etiquetas transfer da F&amp;F etiquetas, voc\u00ea ainda tem mais uma vantagem: n\u00e3o h\u00e1 quantidade m\u00ednima para estampar tecidos nesse m\u00e9todo. Ou seja, voc\u00ea pode <strong>fazer quantas pe\u00e7as quiser!<\/strong><\/p>\n\n\n\n<p>Dessa forma, \u00e9 poss\u00edvel encomendar lotes personalizados, grandes ou pequenos, e come\u00e7ar a mudar o visual dos seus produtos para melhor.<\/p>\n\n\n\n<h3 class=\"wp-block-heading\"><span class=\"ez-toc-section\" id=\"Baixo_investimento\"><\/span><strong>Baixo investimento<\/strong><span class=\"ez-toc-section-end\"><\/span><\/h3>\n\n\n\n<p>Ao contr\u00e1rio do que voc\u00ea deve estar pensando, saiba que os pre\u00e7os desse m\u00e9todo de impress\u00e3o cabem no seu bolso!<\/p>\n\n\n\n<p>As etiquetas transfer representam baixo investimento e \u00f3timo custo-benef\u00edcio, gra\u00e7as a populariza\u00e7\u00e3o dessa t\u00e9cnica de impress\u00e3o e o avan\u00e7o da tecnologia.<\/p>\n\n\n\n<h3 class=\"wp-block-heading\"><span class=\"ez-toc-section\" id=\"Qualidade_ideal\"><\/span><strong>Qualidade ideal<\/strong><span class=\"ez-toc-section-end\"><\/span><\/h3>\n\n\n\n<p>Por ser transferida ao tecido por press\u00e3o e calor, o tecido acaba <strong>imbu\u00eddo das caracter\u00edsticas do transfer<\/strong>. Isso garante que a vida \u00fatil da imagem transferida seja igual a vida \u00fatil da pe\u00e7a.<\/p>\n\n\n\n<p>Ou seja, se voc\u00ea est\u00e1 preocupado com a durabilidade dessa t\u00e9cnica na pe\u00e7a, saiba que, quando ela come\u00e7ar a se desfazer, \u00e9 porque a pe\u00e7a tamb\u00e9m j\u00e1 passou da data de validade.<\/p>\n\n\n\n<h3 class=\"wp-block-heading\"><span class=\"ez-toc-section\" id=\"Pode_ser_utilizado_em_diferentes_tecidos_e_de_diferentes_tonalidades\"><\/span><strong>Pode ser utilizado em diferentes tecidos e de diferentes tonalidades<\/strong><span class=\"ez-toc-section-end\"><\/span><\/h3>\n\n\n\n<p>Como j\u00e1 mencionamos, o transfer \u00e9 superior a sublima\u00e7\u00e3o pois pode ser utilizado em diferentes tipos de tecidos, com diferentes cores.<\/p>\n\n\n\n<p>A t\u00e9cnica tem uma \u00f3tima ader\u00eancia em qualquer tonalidade, mas fica especialmente bem feita em tecidos <strong>vermelhos, pretos e brancos<\/strong>.<\/p>\n\n\n\n<p>Ou seja, com as etiquetas transfer, \u00e9 poss\u00edvel adequar todas as pe\u00e7as do seu neg\u00f3cio para o <strong>mesmo padr\u00e3o<\/strong>, mesmo que elas sejam completamente diferentes.<\/p>\n\n\n\n<h3 class=\"wp-block-heading\"><span class=\"ez-toc-section\" id=\"Pode_estampar_outros_materiais\"><\/span><strong>Pode estampar outros materiais<\/strong><span class=\"ez-toc-section-end\"><\/span><\/h3>\n\n\n\n<p>Seu neg\u00f3cio n\u00e3o tem nada a ver com tecidos? N\u00e3o tem problema! O m\u00e9todo de impress\u00e3o transfer tamb\u00e9m pode ser utilizado para estampar outros diversos materiais. Confira alguns dos exemplos onde essa t\u00e9cnica tamb\u00e9m funciona perfeitamente:<\/p>\n\n\n\n<ul class=\"wp-block-list\">\n<li>pl\u00e1sticos;<\/li>\n\n\n\n<li>azulejos;<\/li>\n\n\n\n<li>cer\u00e2micas;<\/li>\n\n\n\n<li>borrachas;<\/li>\n\n\n\n<li>entre outros.<\/li>\n<\/ul>\n\n\n\n<p>Viu s\u00f3? As etiquetas transfer apresentam uma boa durabilidade, <strong>versatilidade<\/strong> e, o mais interessante: um \u00f3timo custo-benef\u00edcio.E n\u00e3o se esque\u00e7a: se estiver em busca de um bom fornecedor para seus r\u00f3tulos e etiquetas, conte conosco! Realizamos diversos tipos de impress\u00e3o, sempre prezando pela qualidade e satisfa\u00e7\u00e3o do nosso cliente. <a href=\"https:\/\/www.ffetiquetas.com.br\/\" target=\"_blank\" rel=\"noreferrer noopener\">Saiba mais em nosso site!<\/a><\/p>\n","protected":false},"excerpt":{"rendered":"<p>J\u00e1 ouviu falar nas etiquetas transfer? Elas s\u00e3o uma \u00f3tima maneira de agregar valor a sua marca e se destacar da concorr\u00eancia at\u00e9 nos m\u00ednimos detalhes. As etiquetas transfer s\u00e3o impressas diretamente no tecido, e muito utilizadas por com\u00e9rcios de roupas. Essa etiqueta faz a transfer\u00eancia do conte\u00fado de uma imagem por press\u00e3o e calor &hellip; <\/p>\n","protected":false},"author":1,"featured_media":957,"comment_status":"open","ping_status":"open","sticky":false,"template":"","format":"standard","meta":{"footnotes":""},"categories":[6],"tags":[],"class_list":["post-956","post","type-post","status-publish","format-standard","has-post-thumbnail","hentry","category-etiquetas","latest_post"],"yoast_head":"<!-- This site is optimized with the Yoast SEO plugin v23.0 - https:\/\/yoast.com\/wordpress\/plugins\/seo\/ -->\n<title>Etiquetas transfer: por que utiliz\u00e1-las em seus produtos?<\/title>\n<meta name=\"description\" content=\"Saiba o que s\u00e3o as etiquetas transfer e como elas podem transformar a imagem do seu produto no mercado.\" \/>\n<meta name=\"robots\" content=\"index, follow, max-snippet:-1, max-image-preview:large, max-video-preview:-1\" \/>\n<link rel=\"canonical\" href=\"https:\/\/www.ffetiquetas.com.br\/blog\/2023\/01\/23\/etiquetas-transfer\/\" \/>\n<meta property=\"og:locale\" content=\"pt_BR\" \/>\n<meta property=\"og:type\" content=\"article\" \/>\n<meta property=\"og:title\" content=\"Etiquetas transfer: por que utiliz\u00e1-las em seus produtos?\" \/>\n<meta property=\"og:description\" content=\"Saiba o que s\u00e3o as etiquetas transfer e como elas podem transformar a imagem do seu produto no mercado.\" \/>\n<meta property=\"og:url\" content=\"https:\/\/www.ffetiquetas.com.br\/blog\/2023\/01\/23\/etiquetas-transfer\/\" \/>\n<meta property=\"og:site_name\" content=\"Blog | F&amp;F Etiquetas\" \/>\n<meta property=\"article:published_time\" content=\"2023-01-23T14:04:24+00:00\" \/>\n<meta name=\"author\" content=\"admin\" \/>\n<meta name=\"twitter:card\" content=\"summary_large_image\" \/>\n<meta name=\"twitter:label1\" content=\"Escrito por\" \/>\n\t<meta name=\"twitter:data1\" content=\"admin\" \/>\n\t<meta name=\"twitter:label2\" content=\"Est. tempo de leitura\" \/>\n\t<meta name=\"twitter:data2\" content=\"4 minutos\" \/>\n<script type=\"application\/ld+json\" class=\"yoast-schema-graph\">{\"@context\":\"https:\/\/schema.org\",\"@graph\":[{\"@type\":\"Article\",\"@id\":\"https:\/\/www.ffetiquetas.com.br\/blog\/2023\/01\/23\/etiquetas-transfer\/#article\",\"isPartOf\":{\"@id\":\"https:\/\/www.ffetiquetas.com.br\/blog\/2023\/01\/23\/etiquetas-transfer\/\"},\"author\":{\"name\":\"admin\",\"@id\":\"https:\/\/www.ffetiquetas.com.br\/blog\/#\/schema\/person\/40702d9805d9211a8f1d0930f1bcb12c\"},\"headline\":\"Etiquetas transfer: por que utiliz\u00e1-las em seus produtos?\",\"datePublished\":\"2023-01-23T14:04:24+00:00\",\"dateModified\":\"2023-01-23T14:04:24+00:00\",\"mainEntityOfPage\":{\"@id\":\"https:\/\/www.ffetiquetas.com.br\/blog\/2023\/01\/23\/etiquetas-transfer\/\"},\"wordCount\":716,\"commentCount\":0,\"publisher\":{\"@id\":\"https:\/\/www.ffetiquetas.com.br\/blog\/#organization\"},\"image\":{\"@id\":\"https:\/\/www.ffetiquetas.com.br\/blog\/2023\/01\/23\/etiquetas-transfer\/#primaryimage\"},\"thumbnailUrl\":\"\",\"articleSection\":[\"Etiquetas\"],\"inLanguage\":\"pt-BR\",\"potentialAction\":[{\"@type\":\"CommentAction\",\"name\":\"Comment\",\"target\":[\"https:\/\/www.ffetiquetas.com.br\/blog\/2023\/01\/23\/etiquetas-transfer\/#respond\"]}]},{\"@type\":\"WebPage\",\"@id\":\"https:\/\/www.ffetiquetas.com.br\/blog\/2023\/01\/23\/etiquetas-transfer\/\",\"url\":\"https:\/\/www.ffetiquetas.com.br\/blog\/2023\/01\/23\/etiquetas-transfer\/\",\"name\":\"Etiquetas transfer: por que utiliz\u00e1-las em seus produtos?\",\"isPartOf\":{\"@id\":\"https:\/\/www.ffetiquetas.com.br\/blog\/#website\"},\"primaryImageOfPage\":{\"@id\":\"https:\/\/www.ffetiquetas.com.br\/blog\/2023\/01\/23\/etiquetas-transfer\/#primaryimage\"},\"image\":{\"@id\":\"https:\/\/www.ffetiquetas.com.br\/blog\/2023\/01\/23\/etiquetas-transfer\/#primaryimage\"},\"thumbnailUrl\":\"\",\"datePublished\":\"2023-01-23T14:04:24+00:00\",\"dateModified\":\"2023-01-23T14:04:24+00:00\",\"description\":\"Saiba o que s\u00e3o as etiquetas transfer e como elas podem transformar a imagem do seu produto no mercado.\",\"breadcrumb\":{\"@id\":\"https:\/\/www.ffetiquetas.com.br\/blog\/2023\/01\/23\/etiquetas-transfer\/#breadcrumb\"},\"inLanguage\":\"pt-BR\",\"potentialAction\":[{\"@type\":\"ReadAction\",\"target\":[\"https:\/\/www.ffetiquetas.com.br\/blog\/2023\/01\/23\/etiquetas-transfer\/\"]}]},{\"@type\":\"ImageObject\",\"inLanguage\":\"pt-BR\",\"@id\":\"https:\/\/www.ffetiquetas.com.br\/blog\/2023\/01\/23\/etiquetas-transfer\/#primaryimage\",\"url\":\"\",\"contentUrl\":\"\"},{\"@type\":\"BreadcrumbList\",\"@id\":\"https:\/\/www.ffetiquetas.com.br\/blog\/2023\/01\/23\/etiquetas-transfer\/#breadcrumb\",\"itemListElement\":[{\"@type\":\"ListItem\",\"position\":1,\"name\":\"In\u00edcio\",\"item\":\"https:\/\/www.ffetiquetas.com.br\/blog\/\"},{\"@type\":\"ListItem\",\"position\":2,\"name\":\"Etiquetas transfer: por que utiliz\u00e1-las em seus produtos?\"}]},{\"@type\":\"WebSite\",\"@id\":\"https:\/\/www.ffetiquetas.com.br\/blog\/#website\",\"url\":\"https:\/\/www.ffetiquetas.com.br\/blog\/\",\"name\":\"Blog | F&amp;F Etiquetas\",\"description\":\"\",\"publisher\":{\"@id\":\"https:\/\/www.ffetiquetas.com.br\/blog\/#organization\"},\"potentialAction\":[{\"@type\":\"SearchAction\",\"target\":{\"@type\":\"EntryPoint\",\"urlTemplate\":\"https:\/\/www.ffetiquetas.com.br\/blog\/?s={search_term_string}\"},\"query-input\":\"required name=search_term_string\"}],\"inLanguage\":\"pt-BR\"},{\"@type\":\"Organization\",\"@id\":\"https:\/\/www.ffetiquetas.com.br\/blog\/#organization\",\"name\":\"Blog | F&amp;F Etiquetas\",\"url\":\"https:\/\/www.ffetiquetas.com.br\/blog\/\",\"logo\":{\"@type\":\"ImageObject\",\"inLanguage\":\"pt-BR\",\"@id\":\"https:\/\/www.ffetiquetas.com.br\/blog\/#\/schema\/logo\/image\/\",\"url\":\"https:\/\/www.ffetiquetas.com.br\/blog\/wp-content\/uploads\/2024\/07\/logo-1-2.png\",\"contentUrl\":\"https:\/\/www.ffetiquetas.com.br\/blog\/wp-content\/uploads\/2024\/07\/logo-1-2.png\",\"width\":820,\"height\":200,\"caption\":\"Blog | F&amp;F Etiquetas\"},\"image\":{\"@id\":\"https:\/\/www.ffetiquetas.com.br\/blog\/#\/schema\/logo\/image\/\"}},{\"@type\":\"Person\",\"@id\":\"https:\/\/www.ffetiquetas.com.br\/blog\/#\/schema\/person\/40702d9805d9211a8f1d0930f1bcb12c\",\"name\":\"admin\",\"image\":{\"@type\":\"ImageObject\",\"inLanguage\":\"pt-BR\",\"@id\":\"https:\/\/www.ffetiquetas.com.br\/blog\/#\/schema\/person\/image\/\",\"url\":\"https:\/\/secure.gravatar.com\/avatar\/ccfb0e0ad48eefce3b7df49741ce4d74febe9fac574a1e3e08da5d2e920f0105?s=96&d=mm&r=g\",\"contentUrl\":\"https:\/\/secure.gravatar.com\/avatar\/ccfb0e0ad48eefce3b7df49741ce4d74febe9fac574a1e3e08da5d2e920f0105?s=96&d=mm&r=g\",\"caption\":\"admin\"},\"sameAs\":[\"https:\/\/ffetiquetas.com.br\/blog\"],\"url\":\"https:\/\/www.ffetiquetas.com.br\/blog\/author\/admin\/\"}]}<\/script>\n<!-- \/ Yoast SEO plugin. -->","yoast_head_json":{"title":"Etiquetas transfer: por que utiliz\u00e1-las em seus produtos?","description":"Saiba o que s\u00e3o as etiquetas transfer e como elas podem transformar a imagem do seu produto no mercado.","robots":{"index":"index","follow":"follow","max-snippet":"max-snippet:-1","max-image-preview":"max-image-preview:large","max-video-preview":"max-video-preview:-1"},"canonical":"https:\/\/www.ffetiquetas.com.br\/blog\/2023\/01\/23\/etiquetas-transfer\/","og_locale":"pt_BR","og_type":"article","og_title":"Etiquetas transfer: por que utiliz\u00e1-las em seus produtos?","og_description":"Saiba o que s\u00e3o as etiquetas transfer e como elas podem transformar a imagem do seu produto no mercado.","og_url":"https:\/\/www.ffetiquetas.com.br\/blog\/2023\/01\/23\/etiquetas-transfer\/","og_site_name":"Blog | F&amp;F Etiquetas","article_published_time":"2023-01-23T14:04:24+00:00","author":"admin","twitter_card":"summary_large_image","twitter_misc":{"Escrito por":"admin","Est. tempo de leitura":"4 minutos"},"schema":{"@context":"https:\/\/schema.org","@graph":[{"@type":"Article","@id":"https:\/\/www.ffetiquetas.com.br\/blog\/2023\/01\/23\/etiquetas-transfer\/#article","isPartOf":{"@id":"https:\/\/www.ffetiquetas.com.br\/blog\/2023\/01\/23\/etiquetas-transfer\/"},"author":{"name":"admin","@id":"https:\/\/www.ffetiquetas.com.br\/blog\/#\/schema\/person\/40702d9805d9211a8f1d0930f1bcb12c"},"headline":"Etiquetas transfer: por que utiliz\u00e1-las em seus produtos?","datePublished":"2023-01-23T14:04:24+00:00","dateModified":"2023-01-23T14:04:24+00:00","mainEntityOfPage":{"@id":"https:\/\/www.ffetiquetas.com.br\/blog\/2023\/01\/23\/etiquetas-transfer\/"},"wordCount":716,"commentCount":0,"publisher":{"@id":"https:\/\/www.ffetiquetas.com.br\/blog\/#organization"},"image":{"@id":"https:\/\/www.ffetiquetas.com.br\/blog\/2023\/01\/23\/etiquetas-transfer\/#primaryimage"},"thumbnailUrl":"","articleSection":["Etiquetas"],"inLanguage":"pt-BR","potentialAction":[{"@type":"CommentAction","name":"Comment","target":["https:\/\/www.ffetiquetas.com.br\/blog\/2023\/01\/23\/etiquetas-transfer\/#respond"]}]},{"@type":"WebPage","@id":"https:\/\/www.ffetiquetas.com.br\/blog\/2023\/01\/23\/etiquetas-transfer\/","url":"https:\/\/www.ffetiquetas.com.br\/blog\/2023\/01\/23\/etiquetas-transfer\/","name":"Etiquetas transfer: por que utiliz\u00e1-las em seus produtos?","isPartOf":{"@id":"https:\/\/www.ffetiquetas.com.br\/blog\/#website"},"primaryImageOfPage":{"@id":"https:\/\/www.ffetiquetas.com.br\/blog\/2023\/01\/23\/etiquetas-transfer\/#primaryimage"},"image":{"@id":"https:\/\/www.ffetiquetas.com.br\/blog\/2023\/01\/23\/etiquetas-transfer\/#primaryimage"},"thumbnailUrl":"","datePublished":"2023-01-23T14:04:24+00:00","dateModified":"2023-01-23T14:04:24+00:00","description":"Saiba o que s\u00e3o as etiquetas transfer e como elas podem transformar a imagem do seu produto no mercado.","breadcrumb":{"@id":"https:\/\/www.ffetiquetas.com.br\/blog\/2023\/01\/23\/etiquetas-transfer\/#breadcrumb"},"inLanguage":"pt-BR","potentialAction":[{"@type":"ReadAction","target":["https:\/\/www.ffetiquetas.com.br\/blog\/2023\/01\/23\/etiquetas-transfer\/"]}]},{"@type":"ImageObject","inLanguage":"pt-BR","@id":"https:\/\/www.ffetiquetas.com.br\/blog\/2023\/01\/23\/etiquetas-transfer\/#primaryimage","url":"","contentUrl":""},{"@type":"BreadcrumbList","@id":"https:\/\/www.ffetiquetas.com.br\/blog\/2023\/01\/23\/etiquetas-transfer\/#breadcrumb","itemListElement":[{"@type":"ListItem","position":1,"name":"In\u00edcio","item":"https:\/\/www.ffetiquetas.com.br\/blog\/"},{"@type":"ListItem","position":2,"name":"Etiquetas transfer: por que utiliz\u00e1-las em seus produtos?"}]},{"@type":"WebSite","@id":"https:\/\/www.ffetiquetas.com.br\/blog\/#website","url":"https:\/\/www.ffetiquetas.com.br\/blog\/","name":"Blog | F&amp;F Etiquetas","description":"","publisher":{"@id":"https:\/\/www.ffetiquetas.com.br\/blog\/#organization"},"potentialAction":[{"@type":"SearchAction","target":{"@type":"EntryPoint","urlTemplate":"https:\/\/www.ffetiquetas.com.br\/blog\/?s={search_term_string}"},"query-input":"required name=search_term_string"}],"inLanguage":"pt-BR"},{"@type":"Organization","@id":"https:\/\/www.ffetiquetas.com.br\/blog\/#organization","name":"Blog | F&amp;F Etiquetas","url":"https:\/\/www.ffetiquetas.com.br\/blog\/","logo":{"@type":"ImageObject","inLanguage":"pt-BR","@id":"https:\/\/www.ffetiquetas.com.br\/blog\/#\/schema\/logo\/image\/","url":"https:\/\/www.ffetiquetas.com.br\/blog\/wp-content\/uploads\/2024\/07\/logo-1-2.png","contentUrl":"https:\/\/www.ffetiquetas.com.br\/blog\/wp-content\/uploads\/2024\/07\/logo-1-2.png","width":820,"height":200,"caption":"Blog | F&amp;F Etiquetas"},"image":{"@id":"https:\/\/www.ffetiquetas.com.br\/blog\/#\/schema\/logo\/image\/"}},{"@type":"Person","@id":"https:\/\/www.ffetiquetas.com.br\/blog\/#\/schema\/person\/40702d9805d9211a8f1d0930f1bcb12c","name":"admin","image":{"@type":"ImageObject","inLanguage":"pt-BR","@id":"https:\/\/www.ffetiquetas.com.br\/blog\/#\/schema\/person\/image\/","url":"https:\/\/secure.gravatar.com\/avatar\/ccfb0e0ad48eefce3b7df49741ce4d74febe9fac574a1e3e08da5d2e920f0105?s=96&d=mm&r=g","contentUrl":"https:\/\/secure.gravatar.com\/avatar\/ccfb0e0ad48eefce3b7df49741ce4d74febe9fac574a1e3e08da5d2e920f0105?s=96&d=mm&r=g","caption":"admin"},"sameAs":["https:\/\/ffetiquetas.com.br\/blog"],"url":"https:\/\/www.ffetiquetas.com.br\/blog\/author\/admin\/"}]}},"_links":{"self":[{"href":"https:\/\/www.ffetiquetas.com.br\/blog\/wp-json\/wp\/v2\/posts\/956","targetHints":{"allow":["GET"]}}],"collection":[{"href":"https:\/\/www.ffetiquetas.com.br\/blog\/wp-json\/wp\/v2\/posts"}],"about":[{"href":"https:\/\/www.ffetiquetas.com.br\/blog\/wp-json\/wp\/v2\/types\/post"}],"author":[{"embeddable":true,"href":"https:\/\/www.ffetiquetas.com.br\/blog\/wp-json\/wp\/v2\/users\/1"}],"replies":[{"embeddable":true,"href":"https:\/\/www.ffetiquetas.com.br\/blog\/wp-json\/wp\/v2\/comments?post=956"}],"version-history":[{"count":0,"href":"https:\/\/www.ffetiquetas.com.br\/blog\/wp-json\/wp\/v2\/posts\/956\/revisions"}],"wp:featuredmedia":[{"embeddable":true,"href":"https:\/\/www.ffetiquetas.com.br\/blog\/wp-json\/"}],"wp:attachment":[{"href":"https:\/\/www.ffetiquetas.com.br\/blog\/wp-json\/wp\/v2\/media?parent=956"}],"wp:term":[{"taxonomy":"category","embeddable":true,"href":"https:\/\/www.ffetiquetas.com.br\/blog\/wp-json\/wp\/v2\/categories?post=956"},{"taxonomy":"post_tag","embeddable":true,"href":"https:\/\/www.ffetiquetas.com.br\/blog\/wp-json\/wp\/v2\/tags?post=956"}],"curies":[{"name":"wp","href":"https:\/\/api.w.org\/{rel}","templated":true}]}}