{"id":3450,"date":"2026-09-04T15:49:12","date_gmt":"2026-09-04T18:49:12","guid":{"rendered":"https:\/\/www.ffetiquetas.com.br\/blog\/?p=3450"},"modified":"2026-09-04T15:49:22","modified_gmt":"2026-09-04T18:49:22","slug":"rotulos-adesivos-para-cosmeticos-conheca-as-solucoes-da-ff-etiquetas","status":"publish","type":"post","link":"https:\/\/www.ffetiquetas.com.br\/blog\/2026\/09\/04\/rotulos-adesivos-para-cosmeticos-conheca-as-solucoes-da-ff-etiquetas\/","title":{"rendered":"R\u00f3tulos adesivos para cosm\u00e9ticos: conhe\u00e7a as solu\u00e7\u00f5es da F&amp;F Etiquetas"},"content":{"rendered":"\n<p class=\"has-medium-font-size wp-block-paragraph\"><strong><em>R\u00f3tulos adesivos para cosm\u00e9ticos com resist\u00eancia, personaliza\u00e7\u00e3o e acabamento premium. Conhe\u00e7a as solu\u00e7\u00f5es desenvolvidas pela F&amp;F Etiquetas<\/em><\/strong><\/p>\n\n\n\n<p class=\"wp-block-paragraph\">Os <strong><a href=\"https:\/\/www.ffetiquetas.com.br\/rotulos-higiene-e-cosmeticos\/\">r\u00f3tulos adesivos para cosm\u00e9ticos<\/a><\/strong> <strong>t\u00eam influ\u00eancia direta na apresenta\u00e7\u00e3o do produto, na comunica\u00e7\u00e3o com o consumidor e na forma como a marca \u00e9 percebida<\/strong> no ponto de venda.<\/p>\n\n\n\n<p class=\"wp-block-paragraph\"><strong>Em segmentos disputados<\/strong>, como <strong>skincare, cuidados capilares, perfumaria e higiene pessoal<\/strong>, uma <strong>embalagem bem desenvolvida<\/strong> pode ajudar a diferenciar <strong>produtos semelhantes e transmitir uma identidade visual<\/strong> mais consistente.<\/p>\n\n\n\n<p class=\"wp-block-paragraph\">Al\u00e9m do <strong>aspecto est\u00e9tico,<\/strong> o <strong>r\u00f3tulo<\/strong> precisa acompanhar as condi\u00e7\u00f5es reais de uso. <strong>\u00c1gua, umidade, \u00f3leos, cremes e manuseio frequente<\/strong> s\u00e3o fatores que devem ser considerados antes da <strong>escolha do material, do adesivo e do acabamento.<\/strong><\/p>\n\n\n\n<div id=\"ez-toc-container\" class=\"ez-toc-v2_0_69_1 counter-hierarchy ez-toc-counter ez-toc-grey ez-toc-container-direction\">\n<div class=\"ez-toc-title-container\">\n<p class=\"ez-toc-title\" style=\"cursor:inherit\">O que abordaremos neste artigo:<\/p>\n<span class=\"ez-toc-title-toggle\"><a href=\"#\" class=\"ez-toc-pull-right ez-toc-btn ez-toc-btn-xs ez-toc-btn-default ez-toc-toggle\" aria-label=\"Toggle Table of Content\"><span class=\"ez-toc-js-icon-con\"><span class=\"\"><span class=\"eztoc-hide\" style=\"display:none;\">Toggle<\/span><span class=\"ez-toc-icon-toggle-span\"><svg style=\"fill: #999;color:#999\" xmlns=\"http:\/\/www.w3.org\/2000\/svg\" class=\"list-377408\" width=\"20px\" height=\"20px\" viewBox=\"0 0 24 24\" fill=\"none\"><path d=\"M6 6H4v2h2V6zm14 0H8v2h12V6zM4 11h2v2H4v-2zm16 0H8v2h12v-2zM4 16h2v2H4v-2zm16 0H8v2h12v-2z\" fill=\"currentColor\"><\/path><\/svg><svg style=\"fill: #999;color:#999\" class=\"arrow-unsorted-368013\" xmlns=\"http:\/\/www.w3.org\/2000\/svg\" width=\"10px\" height=\"10px\" viewBox=\"0 0 24 24\" version=\"1.2\" baseProfile=\"tiny\"><path d=\"M18.2 9.3l-6.2-6.3-6.2 6.3c-.2.2-.3.4-.3.7s.1.5.3.7c.2.2.4.3.7.3h11c.3 0 .5-.1.7-.3.2-.2.3-.5.3-.7s-.1-.5-.3-.7zM5.8 14.7l6.2 6.3 6.2-6.3c.2-.2.3-.5.3-.7s-.1-.5-.3-.7c-.2-.2-.4-.3-.7-.3h-11c-.3 0-.5.1-.7.3-.2.2-.3.5-.3.7s.1.5.3.7z\"\/><\/svg><\/span><\/span><\/span><\/a><\/span><\/div>\n<nav><ul class='ez-toc-list ez-toc-list-level-1 ' ><li class='ez-toc-page-1 ez-toc-heading-level-2'><a class=\"ez-toc-link ez-toc-heading-1\" href=\"https:\/\/www.ffetiquetas.com.br\/blog\/2026\/09\/04\/rotulos-adesivos-para-cosmeticos-conheca-as-solucoes-da-ff-etiquetas\/#Quais_sao_as_vantagens_dos_rotulos_para_cosmeticos\" title=\"Quais s\u00e3o as vantagens dos r\u00f3tulos para cosm\u00e9ticos?\">Quais s\u00e3o as vantagens dos r\u00f3tulos para cosm\u00e9ticos?<\/a><\/li><li class='ez-toc-page-1 ez-toc-heading-level-2'><a class=\"ez-toc-link ez-toc-heading-2\" href=\"https:\/\/www.ffetiquetas.com.br\/blog\/2026\/09\/04\/rotulos-adesivos-para-cosmeticos-conheca-as-solucoes-da-ff-etiquetas\/#Resistencia_a_agua_manchas_e_umidade_merece_atencao\" title=\"Resist\u00eancia \u00e0 \u00e1gua, manchas e umidade merece aten\u00e7\u00e3o\">Resist\u00eancia \u00e0 \u00e1gua, manchas e umidade merece aten\u00e7\u00e3o<\/a><\/li><li class='ez-toc-page-1 ez-toc-heading-level-2'><a class=\"ez-toc-link ez-toc-heading-3\" href=\"https:\/\/www.ffetiquetas.com.br\/blog\/2026\/09\/04\/rotulos-adesivos-para-cosmeticos-conheca-as-solucoes-da-ff-etiquetas\/#Personalizacao_ajuda_a_posicionar_produtos_no_mercado\" title=\"Personaliza\u00e7\u00e3o ajuda a posicionar produtos no mercado\">Personaliza\u00e7\u00e3o ajuda a posicionar produtos no mercado<\/a><\/li><li class='ez-toc-page-1 ez-toc-heading-level-2'><a class=\"ez-toc-link ez-toc-heading-4\" href=\"https:\/\/www.ffetiquetas.com.br\/blog\/2026\/09\/04\/rotulos-adesivos-para-cosmeticos-conheca-as-solucoes-da-ff-etiquetas\/#Rotulos_com_hot_stamping_criam_acabamentos_de_maior_impacto_visual\" title=\"R\u00f3tulos com hot stamping criam acabamentos de maior impacto visual\">R\u00f3tulos com hot stamping criam acabamentos de maior impacto visual<\/a><\/li><li class='ez-toc-page-1 ez-toc-heading-level-2'><a class=\"ez-toc-link ez-toc-heading-5\" href=\"https:\/\/www.ffetiquetas.com.br\/blog\/2026\/09\/04\/rotulos-adesivos-para-cosmeticos-conheca-as-solucoes-da-ff-etiquetas\/#Como_escolher_um_fabricante_de_rotulos_para_cosmeticos\" title=\"Como escolher um fabricante de r\u00f3tulos para cosm\u00e9ticos?\">Como escolher um fabricante de r\u00f3tulos para cosm\u00e9ticos?<\/a><\/li><li class='ez-toc-page-1 ez-toc-heading-level-2'><a class=\"ez-toc-link ez-toc-heading-6\" href=\"https:\/\/www.ffetiquetas.com.br\/blog\/2026\/09\/04\/rotulos-adesivos-para-cosmeticos-conheca-as-solucoes-da-ff-etiquetas\/#F_F_Etiquetas_experiencia_em_rotulos_adesivos_para_cosmeticos\" title=\"F&amp;F Etiquetas: experi\u00eancia em r\u00f3tulos adesivos para cosm\u00e9ticos\">F&amp;F Etiquetas: experi\u00eancia em r\u00f3tulos adesivos para cosm\u00e9ticos<\/a><\/li><\/ul><\/nav><\/div>\n<h2 class=\"wp-block-heading\"><span class=\"ez-toc-section\" id=\"Quais_sao_as_vantagens_dos_rotulos_para_cosmeticos\"><\/span><strong>Quais s\u00e3o as vantagens dos r\u00f3tulos para cosm\u00e9ticos?<\/strong><span class=\"ez-toc-section-end\"><\/span><\/h2>\n\n\n\n<p class=\"wp-block-paragraph\">Os <strong>r\u00f3tulos para cosm\u00e9ticos<\/strong> podem atender diferentes <strong>objetivos comerciais e operacionais<\/strong>. Quando desenvolvidos de acordo com a <strong>aplica\u00e7\u00e3o, ajudam a valorizar a embalagem e organizar informa\u00e7\u00f5es<\/strong> importantes para o consumidor.<\/p>\n\n\n\n<p class=\"wp-block-paragraph\">Entre as principais vantagens est\u00e3o:<\/p>\n\n\n\n<ul class=\"wp-block-list\">\n<li><strong>Apresenta\u00e7\u00e3o de informa\u00e7\u00f5es:<\/strong> o r\u00f3tulo pode reunir nome do produto, ingredientes, orienta\u00e7\u00f5es de uso, identifica\u00e7\u00e3o da empresa e demais informa\u00e7\u00f5es necess\u00e1rias ao projeto.<\/li>\n\n\n\n<li><strong>Identidade visual personalizada:<\/strong> cores, imagens, tipografias e acabamentos ajudam a diferenciar linhas e refor\u00e7ar o reconhecimento da marca.<\/li>\n\n\n\n<li><strong>Resist\u00eancia:<\/strong> materiais adequados podem oferecer maior resist\u00eancia \u00e0 \u00e1gua, manchas e manuseio constante.<\/li>\n\n\n\n<li><strong>Boa ader\u00eancia:<\/strong> a escolha correta do adesivo ajuda a manter o r\u00f3tulo fixado \u00e0 embalagem durante o uso.<\/li>\n\n\n\n<li><strong>Identifica\u00e7\u00e3o e rastreabilidade:<\/strong> c\u00f3digos, n\u00fameros de s\u00e9rie e informa\u00e7\u00f5es vari\u00e1veis podem apoiar processos internos de controle.<\/li>\n\n\n\n<li><strong>Valoriza\u00e7\u00e3o da embalagem:<\/strong> acabamento e impress\u00e3o de qualidade contribuem para uma apresenta\u00e7\u00e3o mais profissional.<\/li>\n\n\n\n<li><strong>Diferencia\u00e7\u00e3o no ponto de venda:<\/strong> um projeto visual coerente pode facilitar a identifica\u00e7\u00e3o do produto entre op\u00e7\u00f5es concorrentes.<\/li>\n<\/ul>\n\n\n\n<p class=\"wp-block-paragraph\">Essas caracter\u00edsticas tornam os <strong>r\u00f3tulos personalizados para cosm\u00e9ticos<\/strong> parte importante do <strong>desenvolvimento da embalagem, especialmente para empresas que trabalham com linhas pr\u00f3prias ou desejam refor\u00e7ar seu posicionamento<\/strong> de marca.<\/p>\n\n\n\n<p class=\"wp-block-paragraph\"><a href=\"https:\/\/www.ffetiquetas.com.br\/blog\/2026\/07\/21\/etiquetas-para-controle-de-estoque-rastreabilidade-no-varejo\/\">Etiquetas para controle de estoque: como melhorar rastreabilidade no varejo<\/a><\/p>\n\n\n\n<h2 class=\"wp-block-heading\"><span class=\"ez-toc-section\" id=\"Resistencia_a_agua_manchas_e_umidade_merece_atencao\"><\/span><strong>Resist\u00eancia \u00e0 \u00e1gua, manchas e umidade merece aten\u00e7\u00e3o<\/strong><span class=\"ez-toc-section-end\"><\/span><\/h2>\n\n\n\n<p class=\"wp-block-paragraph\"><strong>Cosm\u00e9ticos frequentemente ficam expostos a ambientes e situa\u00e7\u00f5es que exigem mais do r\u00f3tulo<\/strong>, produtos <strong>usados em banheiros<\/strong>, por exemplo, <strong>podem ter contato recorrente com \u00e1gua e vapor.<\/strong><\/p>\n\n\n\n<p class=\"wp-block-paragraph\"><strong>Cremes, \u00f3leos corporais, s\u00e9runs e produtos capilares<\/strong> tamb\u00e9m podem atingir a <strong>pr\u00f3pria embalagem<\/strong> durante o uso. Por isso, <strong>a especifica\u00e7\u00e3o do material<\/strong> precisa considerar o comportamento esperado <strong>ao longo da vida \u00fatil do produto.<\/strong><\/p>\n\n\n\n<p class=\"wp-block-paragraph\">Os <strong>r\u00f3tulos resistentes \u00e0 \u00e1gua<\/strong> s\u00e3o uma alternativa para projetos em que a <strong>embalagem estar\u00e1 sujeita a umidade ou contato frequente com l\u00edquidos.<\/strong> A <strong>resist\u00eancia a manchas<\/strong> tamb\u00e9m ajuda a <strong>preservar a apresenta\u00e7\u00e3o visual e a legibilidade das informa\u00e7\u00f5es.<\/strong><\/p>\n\n\n\n<p class=\"wp-block-paragraph\"><strong>Frascos pl\u00e1sticos, potes, embalagens flex\u00edveis e recipientes de vidro<\/strong> podem exigir solu\u00e7\u00f5es diferentes, principalmente quando existem <strong>curvas, superf\u00edcies menores ou formatos espec\u00edficos.<\/strong><\/p>\n\n\n\n<p class=\"wp-block-paragraph\">Antes da produ\u00e7\u00e3o, \u00e9 importante avaliar <strong>qual \u00e9 o material da embalagem, onde o produto ser\u00e1 utilizado e quais condi\u00e7\u00f5es o r\u00f3tulo dever\u00e1 suportar<\/strong>.<\/p>\n\n\n\n<h2 class=\"wp-block-heading\"><span class=\"ez-toc-section\" id=\"Personalizacao_ajuda_a_posicionar_produtos_no_mercado\"><\/span><strong>Personaliza\u00e7\u00e3o ajuda a posicionar produtos no mercado<\/strong><span class=\"ez-toc-section-end\"><\/span><\/h2>\n\n\n\n<p class=\"wp-block-paragraph\"><strong>A identidade visual \u00e9 um dos pontos mais importantes na apresenta\u00e7\u00e3o de cosm\u00e9ticos<\/strong>, em <strong>categorias com muitas marcas concorrentes, pequenos detalhes podem alterar a percep\u00e7\u00e3o do consumidor.<\/strong><\/p>\n\n\n\n<p class=\"wp-block-paragraph\">Os <strong>r\u00f3tulos personalizados para cosm\u00e9ticos<\/strong> permitem adaptar <strong>cores, formatos, acabamentos e elementos gr\u00e1ficos<\/strong> ao posicionamento de cada linha.<\/p>\n\n\n\n<p class=\"wp-block-paragraph\">Uma marca de <strong>skincare minimalista<\/strong> pode optar por uma <strong>comunica\u00e7\u00e3o mais limpa<\/strong>. J\u00e1 uma <strong>linha de perfumes ou cuidados premium<\/strong> pode trabalhar detalhes mais sofisticados.<\/p>\n\n\n\n<p class=\"wp-block-paragraph\"><strong>Produtos capilares<\/strong> podem utilizar <strong>cores para separar linhas destinadas<\/strong> a diferentes <strong>tipos de cabelo<\/strong>, enquanto marcas de <strong>cuidados corporais<\/strong> podem criar fam\u00edlias visuais para facilitar a identifica\u00e7\u00e3o de fragr\u00e2ncias ou vers\u00f5es.<\/p>\n\n\n\n<p class=\"wp-block-paragraph\"><strong>A personaliza\u00e7\u00e3o tamb\u00e9m permite adaptar o r\u00f3tulo ao formato real da embalagem.<\/strong> Isso evita solu\u00e7\u00f5es gen\u00e9ricas que n\u00e3o aproveitam corretamente a <strong>\u00e1rea dispon\u00edvel<\/strong> e ajuda a criar um conjunto <strong>mais equilibrado entre recipiente, identidade visual e informa\u00e7\u00f5es.<\/strong><\/p>\n\n\n\n<p class=\"wp-block-paragraph\">Para empresas que <strong>desenvolvem diferentes linhas,<\/strong> trabalhar com um <strong>fabricante de r\u00f3tulos para cosm\u00e9ticos<\/strong> capaz de acompanhar essas varia\u00e7\u00f5es <strong>facilita a padroniza\u00e7\u00e3o e a evolu\u00e7\u00e3o dos projetos.<\/strong><\/p>\n\n\n\n<p class=\"wp-block-paragraph\"><a href=\"https:\/\/www.ffetiquetas.com.br\/blog\/2026\/07\/03\/etiquetas-para-roupas-de-bebe-o-que-avaliar-antes-de-comprar\/\">Etiquetas para roupas de beb\u00ea: o que avaliar antes de comprar<\/a><\/p>\n\n\n\n<h2 class=\"wp-block-heading\"><span class=\"ez-toc-section\" id=\"Rotulos_com_hot_stamping_criam_acabamentos_de_maior_impacto_visual\"><\/span><strong>R\u00f3tulos com hot stamping criam acabamentos de maior impacto visual<\/strong><span class=\"ez-toc-section-end\"><\/span><\/h2>\n\n\n\n<p class=\"wp-block-paragraph\"><strong>O acabamento<\/strong> \u00e9 um recurso importante quando a <strong>marca deseja dar mais destaque a determinadas partes do r\u00f3tulo.<\/strong> Entre as possibilidades dispon\u00edveis est\u00e3o os <strong>r\u00f3tulos com hot stamping<\/strong>, t\u00e9cnica que permite <strong>adicionar elementos metalizados \u00e0 impress\u00e3o<\/strong>.<\/p>\n\n\n\n<p class=\"wp-block-paragraph\"><strong>Detalhes dourados,<\/strong> por exemplo, <strong>podem ser aplicados em logotipos, nomes de linhas, bordas e pequenos elementos gr\u00e1ficos.<\/strong> Esse tipo de recurso costuma ser utilizado quando o <strong>objetivo \u00e9 criar uma embalagem com percep\u00e7\u00e3o mais sofisticada,<\/strong> especialmente em <strong>linhas premium, perfumes, s\u00e9runs, cremes e produtos especiais.<\/strong><\/p>\n\n\n\n<p class=\"wp-block-paragraph\">O <strong>hot stamping<\/strong> n\u00e3o precisa ocupar grandes \u00e1reas para <strong>produzir efeito visual,<\/strong> em muitos <strong>projetos, aplica\u00e7\u00f5es pontuais j\u00e1 s\u00e3o suficientes para criar contraste entre superf\u00edcies, cores e informa\u00e7\u00f5es.<\/strong><\/p>\n\n\n\n<p class=\"wp-block-paragraph\">A defini\u00e7\u00e3o deve considerar a <strong>proposta da marca e o restante do projeto gr\u00e1fico<\/strong>, <strong>o acabamento precisa complementar a embalagem, e n\u00e3o competir com as informa\u00e7\u00f5es principais.<\/strong><\/p>\n\n\n\n<h2 class=\"wp-block-heading\"><span class=\"ez-toc-section\" id=\"Como_escolher_um_fabricante_de_rotulos_para_cosmeticos\"><\/span><strong>Como escolher um fabricante de r\u00f3tulos para cosm\u00e9ticos?<\/strong><span class=\"ez-toc-section-end\"><\/span><\/h2>\n\n\n\n<p class=\"wp-block-paragraph\"><strong>A escolha do fornecedor<\/strong> interfere diretamente no resultado <strong>final da embalagem<\/strong>. Um <strong>fabricante de r\u00f3tulos para cosm\u00e9ticos<\/strong> precisa ter <strong>capacidade para orientar diferentes tipos de projeto, considerando caracter\u00edsticas da embalagem, materiais, impress\u00e3o e acabamentos.<\/strong><\/p>\n\n\n\n<p class=\"wp-block-paragraph\">\u00c9 importante avaliar a <strong>experi\u00eancia da empresa,<\/strong> as <strong>op\u00e7\u00f5es de personaliza\u00e7\u00e3o dispon\u00edveis<\/strong> e sua <strong>capacidade de trabalhar com diferentes formatos e aplica\u00e7\u00f5es.<\/strong><\/p>\n\n\n\n<p class=\"wp-block-paragraph\">Conhecimento sobre <strong>ader\u00eancia e resist\u00eancia<\/strong> tamb\u00e9m faz diferen\u00e7a, principalmente em projetos <strong>submetidos \u00e0 \u00e1gua,<\/strong> <strong>umidade ou contato com produtos oleosos.<\/strong><\/p>\n\n\n\n<p class=\"wp-block-paragraph\">Outro ponto \u00e9 a <strong>qualidade de impress\u00e3o<\/strong>, <strong>cores, pequenos elementos gr\u00e1ficos, tipografias e acabamentos<\/strong> precisam manter boa defini\u00e7\u00e3o para que o <strong>r\u00f3tulo<\/strong> entregue o resultado esperado.<\/p>\n\n\n\n<p class=\"wp-block-paragraph\">Al\u00e9m disso, o fornecedor deve conseguir <strong>acompanhar projetos<\/strong> que demandem <strong>c\u00f3digos \u00fanicos, numera\u00e7\u00e3o ou outras formas de identifica\u00e7\u00e3o vari\u00e1vel.<\/strong> Esses recursos podem apoiar processos de <strong>controle, identifica\u00e7\u00e3o e rastreabilidade<\/strong>, dependendo da necessidade de cada empresa.<\/p>\n\n\n\n<p class=\"wp-block-paragraph\"><strong>Um atendimento t\u00e9cnico e consultivo tamb\u00e9m facilita a tomada de decis\u00e3o, principalmente quando a marca ainda est\u00e1 definindo materiais, acabamento ou formato do r\u00f3tulo.<\/strong><\/p>\n\n\n\n<p class=\"wp-block-paragraph\"><a href=\"https:\/\/www.ffetiquetas.com.br\/blog\/2026\/05\/22\/etiquetas-personalizadas-para-produtos-que-valorizam-sua-marca\/\">Etiquetas personalizadas para produtos que valorizam sua marca<\/a><\/p>\n\n\n\n<h2 class=\"wp-block-heading\"><span class=\"ez-toc-section\" id=\"F_F_Etiquetas_experiencia_em_rotulos_adesivos_para_cosmeticos\"><\/span><strong>F&amp;F Etiquetas: experi\u00eancia em r\u00f3tulos adesivos para cosm\u00e9ticos<\/strong><span class=\"ez-toc-section-end\"><\/span><\/h2>\n\n\n\n<p class=\"wp-block-paragraph\"><strong>A F&amp;F Etiquetas atua no setor gr\u00e1fico desde<\/strong> <strong>1994<\/strong>, reunindo experi\u00eancia em <strong>fabrica\u00e7\u00e3o, convers\u00e3o e impress\u00e3o de etiquetas e r\u00f3tulos.<\/strong> Ao longo de sua trajet\u00f3ria, a <strong>empresa ampliou seu conhecimento t\u00e9cnico e desenvolveu capacidade<\/strong> para atender projetos com diferentes necessidades de personaliza\u00e7\u00e3o.<\/p>\n\n\n\n<p class=\"wp-block-paragraph\"><strong>A F&amp;F Etiquetas \u00e9 homologada em mais de 110 lojas varejistas de vestu\u00e1rio em todo o Brasil<\/strong> e possui clientes em pelo menos tr\u00eas pa\u00edses. Para o <strong>segmento de beleza<\/strong>, trabalha com <strong>r\u00f3tulos adesivos para cosm\u00e9ticos<\/strong> desenvolvidos para combinar <strong>apresenta\u00e7\u00e3o visual, funcionalidade e resist\u00eancia de acordo com cada aplica\u00e7\u00e3o.<\/strong><\/p>\n\n\n\n<p class=\"wp-block-paragraph\">Entre as possibilidades est\u00e3o materiais resistentes \u00e0 <strong>\u00e1gua e manchas, op\u00e7\u00f5es de personaliza\u00e7\u00e3o e acabamentos como hot stamping.<\/strong> Essa flexibilidade permite <strong>atender desde projetos com comunica\u00e7\u00e3o mais simples at\u00e9 linhas que buscam maior diferencia\u00e7\u00e3o visual e acabamento premium.<\/strong><\/p>\n\n\n\n<p class=\"wp-block-paragraph\"><strong>Para marcas de skincare, higiene pessoal, perfumaria, maquiagem, cuidados capilares ou produtos naturais,<\/strong> contar com um <strong>fornecedor experiente<\/strong> ajuda a transformar as caracter\u00edsticas do produto em uma solu\u00e7\u00e3o de embalagem mais coerente.<\/p>\n\n\n\n<p class=\"wp-block-paragraph\"><strong>Se sua empresa procura r\u00f3tulos adesivos para cosm\u00e9ticos personalizados,<\/strong> fale com a <strong>F&amp;F Etiquetas.<\/strong> Apresente sua embalagem, as caracter\u00edsticas da aplica\u00e7\u00e3o e o acabamento desejado para solicitar uma solu\u00e7\u00e3o adequada ao seu projeto.<\/p>\n","protected":false},"excerpt":{"rendered":"<p>R\u00f3tulos adesivos para cosm\u00e9ticos com resist\u00eancia, personaliza\u00e7\u00e3o e acabamento premium. Conhe\u00e7a as solu\u00e7\u00f5es desenvolvidas pela F&amp;F Etiquetas Os r\u00f3tulos adesivos para cosm\u00e9ticos t\u00eam influ\u00eancia direta na apresenta\u00e7\u00e3o do produto, na comunica\u00e7\u00e3o com o consumidor e na forma como a marca \u00e9 percebida no ponto de venda. Em segmentos disputados, como skincare, cuidados capilares, perfumaria e &hellip; <\/p>\n","protected":false},"author":1,"featured_media":3451,"comment_status":"open","ping_status":"open","sticky":false,"template":"","format":"standard","meta":{"footnotes":""},"categories":[1212],"tags":[6533,6531,6521,6529,6527,6525,922,698,2047,6513,1473,6520,6534,6523,6532,6522,6528,6524,1271,2954,6512,6530,1468,6526,6517,966,6516,6519,6514,2106,6518,6515,488,2743,1400],"class_list":["post-3450","post","type-post","status-publish","format-standard","has-post-thumbnail","hentry","category-rotulos-de-cosmeticos","tag-como-aumentar-a-durabilidade-do-rotulo-cosmetico","tag-como-criar-rotulos-para-skincare","tag-como-escolher-rotulos-para-cosmeticos-2","tag-como-escolher-um-fabricante-de-rotulos-para-cosmeticos","tag-como-funciona-hot-stamping-em-rotulos","tag-como-personalizar-rotulos-para-cosmeticos-2","tag-etiquetas-para-cosmeticos","tag-ff-etiquetas","tag-fabricante-de-etiquetas-adesivas","tag-fabricante-de-rotulos-para-cosmeticos","tag-impressao-de-rotulos-para-cosmeticos","tag-onde-comprar-rotulos-adesivos-para-cosmeticos","tag-onde-comprar-rotulos-personalizados-para-cosmeticos","tag-onde-fabricar-rotulos-para-cosmeticos","tag-quais-acabamentos-usar-em-rotulos-cosmeticos","tag-qual-material-usar-em-rotulos-cosmeticos","tag-qual-o-melhor-rotulo-para-embalagem-cosmetica","tag-quanto-custa-um-rotulo-para-cosmeticos","tag-rotulos-adesivos-para-cosmeticos","tag-rotulos-com-hot-stamping","tag-rotulos-cosmeticos","tag-rotulos-cosmeticos-podem-molhar","tag-rotulos-para-cosmeticos","tag-rotulos-para-cosmeticos-sao-resistentes-a-agua","tag-rotulos-para-cremes","tag-rotulos-para-embalagens","tag-rotulos-para-embalagens-cosmeticas","tag-rotulos-para-perfumes","tag-rotulos-para-produtos-de-beleza-2","tag-rotulos-para-produtos-naturais","tag-rotulos-para-shampoos","tag-rotulos-para-skincare","tag-rotulos-personalizados","tag-rotulos-personalizados-para-cosmeticos","tag-rotulos-resistentes-a-agua","latest_post"],"yoast_head":"<!-- This site is optimized with the Yoast SEO plugin v23.0 - https:\/\/yoast.com\/wordpress\/plugins\/seo\/ -->\n<title>R\u00f3tulos adesivos para cosm\u00e9ticos: conhe\u00e7a as solu\u00e7\u00f5es da F&amp;F Etiquetas - Blog | F&amp;F Etiquetas<\/title>\n<meta name=\"description\" content=\"R\u00f3tulos adesivos para cosm\u00e9ticos com resist\u00eancia, personaliza\u00e7\u00e3o e acabamento premium. Conhe\u00e7a as solu\u00e7\u00f5es desenvolvidas pela F&amp;F Etiquetas\" \/>\n<meta name=\"robots\" content=\"index, follow, max-snippet:-1, max-image-preview:large, max-video-preview:-1\" \/>\n<link rel=\"canonical\" href=\"https:\/\/www.ffetiquetas.com.br\/blog\/2026\/09\/04\/rotulos-adesivos-para-cosmeticos-conheca-as-solucoes-da-ff-etiquetas\/\" \/>\n<meta property=\"og:locale\" content=\"pt_BR\" \/>\n<meta property=\"og:type\" content=\"article\" \/>\n<meta property=\"og:title\" content=\"R\u00f3tulos adesivos para cosm\u00e9ticos: conhe\u00e7a as solu\u00e7\u00f5es da F&amp;F Etiquetas - Blog | F&amp;F Etiquetas\" \/>\n<meta property=\"og:description\" content=\"R\u00f3tulos adesivos para cosm\u00e9ticos com resist\u00eancia, personaliza\u00e7\u00e3o e acabamento premium. Conhe\u00e7a as solu\u00e7\u00f5es desenvolvidas pela F&amp;F Etiquetas\" \/>\n<meta property=\"og:url\" content=\"https:\/\/www.ffetiquetas.com.br\/blog\/2026\/09\/04\/rotulos-adesivos-para-cosmeticos-conheca-as-solucoes-da-ff-etiquetas\/\" \/>\n<meta property=\"og:site_name\" content=\"Blog | F&amp;F Etiquetas\" \/>\n<meta property=\"article:published_time\" content=\"2026-09-04T18:49:12+00:00\" \/>\n<meta property=\"article:modified_time\" content=\"2026-09-04T18:49:22+00:00\" \/>\n<meta property=\"og:image\" content=\"https:\/\/www.ffetiquetas.com.br\/blog\/wp-content\/uploads\/2026\/09\/ChatGPT-Image-4-de-set.-de-2026-15_33_03.png\" \/>\n\t<meta property=\"og:image:width\" content=\"1672\" \/>\n\t<meta property=\"og:image:height\" content=\"941\" \/>\n\t<meta property=\"og:image:type\" content=\"image\/png\" \/>\n<meta name=\"author\" content=\"admin\" \/>\n<meta name=\"twitter:card\" content=\"summary_large_image\" \/>\n<meta name=\"twitter:label1\" content=\"Escrito por\" \/>\n\t<meta name=\"twitter:data1\" content=\"admin\" \/>\n\t<meta name=\"twitter:label2\" content=\"Est. tempo de leitura\" \/>\n\t<meta name=\"twitter:data2\" content=\"7 minutos\" \/>\n<script type=\"application\/ld+json\" class=\"yoast-schema-graph\">{\"@context\":\"https:\/\/schema.org\",\"@graph\":[{\"@type\":\"Article\",\"@id\":\"https:\/\/www.ffetiquetas.com.br\/blog\/2026\/09\/04\/rotulos-adesivos-para-cosmeticos-conheca-as-solucoes-da-ff-etiquetas\/#article\",\"isPartOf\":{\"@id\":\"https:\/\/www.ffetiquetas.com.br\/blog\/2026\/09\/04\/rotulos-adesivos-para-cosmeticos-conheca-as-solucoes-da-ff-etiquetas\/\"},\"author\":{\"name\":\"admin\",\"@id\":\"https:\/\/www.ffetiquetas.com.br\/blog\/#\/schema\/person\/40702d9805d9211a8f1d0930f1bcb12c\"},\"headline\":\"R\u00f3tulos adesivos para cosm\u00e9ticos: conhe\u00e7a as solu\u00e7\u00f5es da F&amp;F Etiquetas\",\"datePublished\":\"2026-09-04T18:49:12+00:00\",\"dateModified\":\"2026-09-04T18:49:22+00:00\",\"mainEntityOfPage\":{\"@id\":\"https:\/\/www.ffetiquetas.com.br\/blog\/2026\/09\/04\/rotulos-adesivos-para-cosmeticos-conheca-as-solucoes-da-ff-etiquetas\/\"},\"wordCount\":1365,\"commentCount\":0,\"publisher\":{\"@id\":\"https:\/\/www.ffetiquetas.com.br\/blog\/#organization\"},\"image\":{\"@id\":\"https:\/\/www.ffetiquetas.com.br\/blog\/2026\/09\/04\/rotulos-adesivos-para-cosmeticos-conheca-as-solucoes-da-ff-etiquetas\/#primaryimage\"},\"thumbnailUrl\":\"https:\/\/www.ffetiquetas.com.br\/blog\/wp-content\/uploads\/2026\/09\/ChatGPT-Image-4-de-set.-de-2026-15_33_03.png\",\"keywords\":[\"como aumentar a durabilidade do r\u00f3tulo cosm\u00e9tico?\",\"como criar r\u00f3tulos para skincare?\",\"como escolher r\u00f3tulos para cosm\u00e9ticos?\",\"como escolher um fabricante de r\u00f3tulos para cosm\u00e9ticos?\",\"como funciona hot stamping em r\u00f3tulos?\",\"como personalizar r\u00f3tulos para cosm\u00e9ticos?\",\"etiquetas para cosm\u00e9ticos\",\"F&amp;F Etiquetas\",\"fabricante de etiquetas adesivas\",\"fabricante de r\u00f3tulos para cosm\u00e9ticos\",\"impress\u00e3o de r\u00f3tulos para cosm\u00e9ticos\",\"onde comprar r\u00f3tulos adesivos para cosm\u00e9ticos?\",\"onde comprar r\u00f3tulos personalizados para cosm\u00e9ticos?\",\"onde fabricar r\u00f3tulos para cosm\u00e9ticos?\",\"quais acabamentos usar em r\u00f3tulos cosm\u00e9ticos?\",\"qual material usar em r\u00f3tulos cosm\u00e9ticos?\",\"qual o melhor r\u00f3tulo para embalagem cosm\u00e9tica?\",\"quanto custa um r\u00f3tulo para cosm\u00e9ticos?\",\"R\u00f3tulos adesivos para cosm\u00e9ticos\",\"r\u00f3tulos com hot stamping\",\"r\u00f3tulos cosm\u00e9ticos\",\"r\u00f3tulos cosm\u00e9ticos podem molhar?\",\"r\u00f3tulos para cosm\u00e9ticos\",\"r\u00f3tulos para cosm\u00e9ticos s\u00e3o resistentes \u00e0 \u00e1gua?\",\"r\u00f3tulos para cremes\",\"r\u00f3tulos para embalagens\",\"r\u00f3tulos para embalagens cosm\u00e9ticas\",\"r\u00f3tulos para perfumes\",\"r\u00f3tulos para produtos de beleza\",\"r\u00f3tulos para produtos naturais\",\"r\u00f3tulos para shampoos\",\"r\u00f3tulos para skincare\",\"R\u00f3tulos personalizados\",\"r\u00f3tulos personalizados para cosm\u00e9ticos\",\"r\u00f3tulos resistentes \u00e0 \u00e1gua\"],\"articleSection\":[\"R\u00f3tulos de cosm\u00e9ticos\"],\"inLanguage\":\"pt-BR\",\"potentialAction\":[{\"@type\":\"CommentAction\",\"name\":\"Comment\",\"target\":[\"https:\/\/www.ffetiquetas.com.br\/blog\/2026\/09\/04\/rotulos-adesivos-para-cosmeticos-conheca-as-solucoes-da-ff-etiquetas\/#respond\"]}]},{\"@type\":\"WebPage\",\"@id\":\"https:\/\/www.ffetiquetas.com.br\/blog\/2026\/09\/04\/rotulos-adesivos-para-cosmeticos-conheca-as-solucoes-da-ff-etiquetas\/\",\"url\":\"https:\/\/www.ffetiquetas.com.br\/blog\/2026\/09\/04\/rotulos-adesivos-para-cosmeticos-conheca-as-solucoes-da-ff-etiquetas\/\",\"name\":\"R\u00f3tulos adesivos para cosm\u00e9ticos: conhe\u00e7a as solu\u00e7\u00f5es da F&amp;F Etiquetas - Blog | F&amp;F Etiquetas\",\"isPartOf\":{\"@id\":\"https:\/\/www.ffetiquetas.com.br\/blog\/#website\"},\"primaryImageOfPage\":{\"@id\":\"https:\/\/www.ffetiquetas.com.br\/blog\/2026\/09\/04\/rotulos-adesivos-para-cosmeticos-conheca-as-solucoes-da-ff-etiquetas\/#primaryimage\"},\"image\":{\"@id\":\"https:\/\/www.ffetiquetas.com.br\/blog\/2026\/09\/04\/rotulos-adesivos-para-cosmeticos-conheca-as-solucoes-da-ff-etiquetas\/#primaryimage\"},\"thumbnailUrl\":\"https:\/\/www.ffetiquetas.com.br\/blog\/wp-content\/uploads\/2026\/09\/ChatGPT-Image-4-de-set.-de-2026-15_33_03.png\",\"datePublished\":\"2026-09-04T18:49:12+00:00\",\"dateModified\":\"2026-09-04T18:49:22+00:00\",\"description\":\"R\u00f3tulos adesivos para cosm\u00e9ticos com resist\u00eancia, personaliza\u00e7\u00e3o e acabamento premium. Conhe\u00e7a as solu\u00e7\u00f5es desenvolvidas pela F&F Etiquetas\",\"breadcrumb\":{\"@id\":\"https:\/\/www.ffetiquetas.com.br\/blog\/2026\/09\/04\/rotulos-adesivos-para-cosmeticos-conheca-as-solucoes-da-ff-etiquetas\/#breadcrumb\"},\"inLanguage\":\"pt-BR\",\"potentialAction\":[{\"@type\":\"ReadAction\",\"target\":[\"https:\/\/www.ffetiquetas.com.br\/blog\/2026\/09\/04\/rotulos-adesivos-para-cosmeticos-conheca-as-solucoes-da-ff-etiquetas\/\"]}]},{\"@type\":\"ImageObject\",\"inLanguage\":\"pt-BR\",\"@id\":\"https:\/\/www.ffetiquetas.com.br\/blog\/2026\/09\/04\/rotulos-adesivos-para-cosmeticos-conheca-as-solucoes-da-ff-etiquetas\/#primaryimage\",\"url\":\"https:\/\/www.ffetiquetas.com.br\/blog\/wp-content\/uploads\/2026\/09\/ChatGPT-Image-4-de-set.-de-2026-15_33_03.png\",\"contentUrl\":\"https:\/\/www.ffetiquetas.com.br\/blog\/wp-content\/uploads\/2026\/09\/ChatGPT-Image-4-de-set.-de-2026-15_33_03.png\",\"width\":1672,\"height\":941,\"caption\":\"R\u00f3tulos adesivos para cosm\u00e9ticos com resist\u00eancia, personaliza\u00e7\u00e3o e acabamento premium. Conhe\u00e7a as solu\u00e7\u00f5es desenvolvidas pela F&F Etiquetas\"},{\"@type\":\"BreadcrumbList\",\"@id\":\"https:\/\/www.ffetiquetas.com.br\/blog\/2026\/09\/04\/rotulos-adesivos-para-cosmeticos-conheca-as-solucoes-da-ff-etiquetas\/#breadcrumb\",\"itemListElement\":[{\"@type\":\"ListItem\",\"position\":1,\"name\":\"In\u00edcio\",\"item\":\"https:\/\/www.ffetiquetas.com.br\/blog\/\"},{\"@type\":\"ListItem\",\"position\":2,\"name\":\"R\u00f3tulos adesivos para cosm\u00e9ticos: conhe\u00e7a as solu\u00e7\u00f5es da F&amp;F Etiquetas\"}]},{\"@type\":\"WebSite\",\"@id\":\"https:\/\/www.ffetiquetas.com.br\/blog\/#website\",\"url\":\"https:\/\/www.ffetiquetas.com.br\/blog\/\",\"name\":\"Blog | F&amp;F Etiquetas\",\"description\":\"\",\"publisher\":{\"@id\":\"https:\/\/www.ffetiquetas.com.br\/blog\/#organization\"},\"potentialAction\":[{\"@type\":\"SearchAction\",\"target\":{\"@type\":\"EntryPoint\",\"urlTemplate\":\"https:\/\/www.ffetiquetas.com.br\/blog\/?s={search_term_string}\"},\"query-input\":\"required name=search_term_string\"}],\"inLanguage\":\"pt-BR\"},{\"@type\":\"Organization\",\"@id\":\"https:\/\/www.ffetiquetas.com.br\/blog\/#organization\",\"name\":\"Blog | F&amp;F Etiquetas\",\"url\":\"https:\/\/www.ffetiquetas.com.br\/blog\/\",\"logo\":{\"@type\":\"ImageObject\",\"inLanguage\":\"pt-BR\",\"@id\":\"https:\/\/www.ffetiquetas.com.br\/blog\/#\/schema\/logo\/image\/\",\"url\":\"https:\/\/www.ffetiquetas.com.br\/blog\/wp-content\/uploads\/2024\/07\/logo-1-2.png\",\"contentUrl\":\"https:\/\/www.ffetiquetas.com.br\/blog\/wp-content\/uploads\/2024\/07\/logo-1-2.png\",\"width\":820,\"height\":200,\"caption\":\"Blog | F&amp;F Etiquetas\"},\"image\":{\"@id\":\"https:\/\/www.ffetiquetas.com.br\/blog\/#\/schema\/logo\/image\/\"}},{\"@type\":\"Person\",\"@id\":\"https:\/\/www.ffetiquetas.com.br\/blog\/#\/schema\/person\/40702d9805d9211a8f1d0930f1bcb12c\",\"name\":\"admin\",\"image\":{\"@type\":\"ImageObject\",\"inLanguage\":\"pt-BR\",\"@id\":\"https:\/\/www.ffetiquetas.com.br\/blog\/#\/schema\/person\/image\/\",\"url\":\"https:\/\/secure.gravatar.com\/avatar\/ccfb0e0ad48eefce3b7df49741ce4d74febe9fac574a1e3e08da5d2e920f0105?s=96&d=mm&r=g\",\"contentUrl\":\"https:\/\/secure.gravatar.com\/avatar\/ccfb0e0ad48eefce3b7df49741ce4d74febe9fac574a1e3e08da5d2e920f0105?s=96&d=mm&r=g\",\"caption\":\"admin\"},\"sameAs\":[\"https:\/\/ffetiquetas.com.br\/blog\"],\"url\":\"https:\/\/www.ffetiquetas.com.br\/blog\/author\/admin\/\"}]}<\/script>\n<!-- \/ Yoast SEO plugin. -->","yoast_head_json":{"title":"R\u00f3tulos adesivos para cosm\u00e9ticos: conhe\u00e7a as solu\u00e7\u00f5es da F&amp;F Etiquetas - Blog | F&amp;F Etiquetas","description":"R\u00f3tulos adesivos para cosm\u00e9ticos com resist\u00eancia, personaliza\u00e7\u00e3o e acabamento premium. Conhe\u00e7a as solu\u00e7\u00f5es desenvolvidas pela F&F Etiquetas","robots":{"index":"index","follow":"follow","max-snippet":"max-snippet:-1","max-image-preview":"max-image-preview:large","max-video-preview":"max-video-preview:-1"},"canonical":"https:\/\/www.ffetiquetas.com.br\/blog\/2026\/09\/04\/rotulos-adesivos-para-cosmeticos-conheca-as-solucoes-da-ff-etiquetas\/","og_locale":"pt_BR","og_type":"article","og_title":"R\u00f3tulos adesivos para cosm\u00e9ticos: conhe\u00e7a as solu\u00e7\u00f5es da F&amp;F Etiquetas - Blog | F&amp;F Etiquetas","og_description":"R\u00f3tulos adesivos para cosm\u00e9ticos com resist\u00eancia, personaliza\u00e7\u00e3o e acabamento premium. Conhe\u00e7a as solu\u00e7\u00f5es desenvolvidas pela F&F Etiquetas","og_url":"https:\/\/www.ffetiquetas.com.br\/blog\/2026\/09\/04\/rotulos-adesivos-para-cosmeticos-conheca-as-solucoes-da-ff-etiquetas\/","og_site_name":"Blog | F&amp;F Etiquetas","article_published_time":"2026-09-04T18:49:12+00:00","article_modified_time":"2026-09-04T18:49:22+00:00","og_image":[{"width":1672,"height":941,"url":"https:\/\/www.ffetiquetas.com.br\/blog\/wp-content\/uploads\/2026\/09\/ChatGPT-Image-4-de-set.-de-2026-15_33_03.png","type":"image\/png"}],"author":"admin","twitter_card":"summary_large_image","twitter_misc":{"Escrito por":"admin","Est. tempo de leitura":"7 minutos"},"schema":{"@context":"https:\/\/schema.org","@graph":[{"@type":"Article","@id":"https:\/\/www.ffetiquetas.com.br\/blog\/2026\/09\/04\/rotulos-adesivos-para-cosmeticos-conheca-as-solucoes-da-ff-etiquetas\/#article","isPartOf":{"@id":"https:\/\/www.ffetiquetas.com.br\/blog\/2026\/09\/04\/rotulos-adesivos-para-cosmeticos-conheca-as-solucoes-da-ff-etiquetas\/"},"author":{"name":"admin","@id":"https:\/\/www.ffetiquetas.com.br\/blog\/#\/schema\/person\/40702d9805d9211a8f1d0930f1bcb12c"},"headline":"R\u00f3tulos adesivos para cosm\u00e9ticos: conhe\u00e7a as solu\u00e7\u00f5es da F&amp;F Etiquetas","datePublished":"2026-09-04T18:49:12+00:00","dateModified":"2026-09-04T18:49:22+00:00","mainEntityOfPage":{"@id":"https:\/\/www.ffetiquetas.com.br\/blog\/2026\/09\/04\/rotulos-adesivos-para-cosmeticos-conheca-as-solucoes-da-ff-etiquetas\/"},"wordCount":1365,"commentCount":0,"publisher":{"@id":"https:\/\/www.ffetiquetas.com.br\/blog\/#organization"},"image":{"@id":"https:\/\/www.ffetiquetas.com.br\/blog\/2026\/09\/04\/rotulos-adesivos-para-cosmeticos-conheca-as-solucoes-da-ff-etiquetas\/#primaryimage"},"thumbnailUrl":"https:\/\/www.ffetiquetas.com.br\/blog\/wp-content\/uploads\/2026\/09\/ChatGPT-Image-4-de-set.-de-2026-15_33_03.png","keywords":["como aumentar a durabilidade do r\u00f3tulo cosm\u00e9tico?","como criar r\u00f3tulos para skincare?","como escolher r\u00f3tulos para cosm\u00e9ticos?","como escolher um fabricante de r\u00f3tulos para cosm\u00e9ticos?","como funciona hot stamping em r\u00f3tulos?","como personalizar r\u00f3tulos para cosm\u00e9ticos?","etiquetas para cosm\u00e9ticos","F&amp;F Etiquetas","fabricante de etiquetas adesivas","fabricante de r\u00f3tulos para cosm\u00e9ticos","impress\u00e3o de r\u00f3tulos para cosm\u00e9ticos","onde comprar r\u00f3tulos adesivos para cosm\u00e9ticos?","onde comprar r\u00f3tulos personalizados para cosm\u00e9ticos?","onde fabricar r\u00f3tulos para cosm\u00e9ticos?","quais acabamentos usar em r\u00f3tulos cosm\u00e9ticos?","qual material usar em r\u00f3tulos cosm\u00e9ticos?","qual o melhor r\u00f3tulo para embalagem cosm\u00e9tica?","quanto custa um r\u00f3tulo para cosm\u00e9ticos?","R\u00f3tulos adesivos para cosm\u00e9ticos","r\u00f3tulos com hot stamping","r\u00f3tulos cosm\u00e9ticos","r\u00f3tulos cosm\u00e9ticos podem molhar?","r\u00f3tulos para cosm\u00e9ticos","r\u00f3tulos para cosm\u00e9ticos s\u00e3o resistentes \u00e0 \u00e1gua?","r\u00f3tulos para cremes","r\u00f3tulos para embalagens","r\u00f3tulos para embalagens cosm\u00e9ticas","r\u00f3tulos para perfumes","r\u00f3tulos para produtos de beleza","r\u00f3tulos para produtos naturais","r\u00f3tulos para shampoos","r\u00f3tulos para skincare","R\u00f3tulos personalizados","r\u00f3tulos personalizados para cosm\u00e9ticos","r\u00f3tulos resistentes \u00e0 \u00e1gua"],"articleSection":["R\u00f3tulos de cosm\u00e9ticos"],"inLanguage":"pt-BR","potentialAction":[{"@type":"CommentAction","name":"Comment","target":["https:\/\/www.ffetiquetas.com.br\/blog\/2026\/09\/04\/rotulos-adesivos-para-cosmeticos-conheca-as-solucoes-da-ff-etiquetas\/#respond"]}]},{"@type":"WebPage","@id":"https:\/\/www.ffetiquetas.com.br\/blog\/2026\/09\/04\/rotulos-adesivos-para-cosmeticos-conheca-as-solucoes-da-ff-etiquetas\/","url":"https:\/\/www.ffetiquetas.com.br\/blog\/2026\/09\/04\/rotulos-adesivos-para-cosmeticos-conheca-as-solucoes-da-ff-etiquetas\/","name":"R\u00f3tulos adesivos para cosm\u00e9ticos: conhe\u00e7a as solu\u00e7\u00f5es da F&amp;F Etiquetas - Blog | F&amp;F Etiquetas","isPartOf":{"@id":"https:\/\/www.ffetiquetas.com.br\/blog\/#website"},"primaryImageOfPage":{"@id":"https:\/\/www.ffetiquetas.com.br\/blog\/2026\/09\/04\/rotulos-adesivos-para-cosmeticos-conheca-as-solucoes-da-ff-etiquetas\/#primaryimage"},"image":{"@id":"https:\/\/www.ffetiquetas.com.br\/blog\/2026\/09\/04\/rotulos-adesivos-para-cosmeticos-conheca-as-solucoes-da-ff-etiquetas\/#primaryimage"},"thumbnailUrl":"https:\/\/www.ffetiquetas.com.br\/blog\/wp-content\/uploads\/2026\/09\/ChatGPT-Image-4-de-set.-de-2026-15_33_03.png","datePublished":"2026-09-04T18:49:12+00:00","dateModified":"2026-09-04T18:49:22+00:00","description":"R\u00f3tulos adesivos para cosm\u00e9ticos com resist\u00eancia, personaliza\u00e7\u00e3o e acabamento premium. Conhe\u00e7a as solu\u00e7\u00f5es desenvolvidas pela F&F Etiquetas","breadcrumb":{"@id":"https:\/\/www.ffetiquetas.com.br\/blog\/2026\/09\/04\/rotulos-adesivos-para-cosmeticos-conheca-as-solucoes-da-ff-etiquetas\/#breadcrumb"},"inLanguage":"pt-BR","potentialAction":[{"@type":"ReadAction","target":["https:\/\/www.ffetiquetas.com.br\/blog\/2026\/09\/04\/rotulos-adesivos-para-cosmeticos-conheca-as-solucoes-da-ff-etiquetas\/"]}]},{"@type":"ImageObject","inLanguage":"pt-BR","@id":"https:\/\/www.ffetiquetas.com.br\/blog\/2026\/09\/04\/rotulos-adesivos-para-cosmeticos-conheca-as-solucoes-da-ff-etiquetas\/#primaryimage","url":"https:\/\/www.ffetiquetas.com.br\/blog\/wp-content\/uploads\/2026\/09\/ChatGPT-Image-4-de-set.-de-2026-15_33_03.png","contentUrl":"https:\/\/www.ffetiquetas.com.br\/blog\/wp-content\/uploads\/2026\/09\/ChatGPT-Image-4-de-set.-de-2026-15_33_03.png","width":1672,"height":941,"caption":"R\u00f3tulos adesivos para cosm\u00e9ticos com resist\u00eancia, personaliza\u00e7\u00e3o e acabamento premium. Conhe\u00e7a as solu\u00e7\u00f5es desenvolvidas pela F&F Etiquetas"},{"@type":"BreadcrumbList","@id":"https:\/\/www.ffetiquetas.com.br\/blog\/2026\/09\/04\/rotulos-adesivos-para-cosmeticos-conheca-as-solucoes-da-ff-etiquetas\/#breadcrumb","itemListElement":[{"@type":"ListItem","position":1,"name":"In\u00edcio","item":"https:\/\/www.ffetiquetas.com.br\/blog\/"},{"@type":"ListItem","position":2,"name":"R\u00f3tulos adesivos para cosm\u00e9ticos: conhe\u00e7a as solu\u00e7\u00f5es da F&amp;F Etiquetas"}]},{"@type":"WebSite","@id":"https:\/\/www.ffetiquetas.com.br\/blog\/#website","url":"https:\/\/www.ffetiquetas.com.br\/blog\/","name":"Blog | F&amp;F Etiquetas","description":"","publisher":{"@id":"https:\/\/www.ffetiquetas.com.br\/blog\/#organization"},"potentialAction":[{"@type":"SearchAction","target":{"@type":"EntryPoint","urlTemplate":"https:\/\/www.ffetiquetas.com.br\/blog\/?s={search_term_string}"},"query-input":"required name=search_term_string"}],"inLanguage":"pt-BR"},{"@type":"Organization","@id":"https:\/\/www.ffetiquetas.com.br\/blog\/#organization","name":"Blog | F&amp;F Etiquetas","url":"https:\/\/www.ffetiquetas.com.br\/blog\/","logo":{"@type":"ImageObject","inLanguage":"pt-BR","@id":"https:\/\/www.ffetiquetas.com.br\/blog\/#\/schema\/logo\/image\/","url":"https:\/\/www.ffetiquetas.com.br\/blog\/wp-content\/uploads\/2024\/07\/logo-1-2.png","contentUrl":"https:\/\/www.ffetiquetas.com.br\/blog\/wp-content\/uploads\/2024\/07\/logo-1-2.png","width":820,"height":200,"caption":"Blog | F&amp;F Etiquetas"},"image":{"@id":"https:\/\/www.ffetiquetas.com.br\/blog\/#\/schema\/logo\/image\/"}},{"@type":"Person","@id":"https:\/\/www.ffetiquetas.com.br\/blog\/#\/schema\/person\/40702d9805d9211a8f1d0930f1bcb12c","name":"admin","image":{"@type":"ImageObject","inLanguage":"pt-BR","@id":"https:\/\/www.ffetiquetas.com.br\/blog\/#\/schema\/person\/image\/","url":"https:\/\/secure.gravatar.com\/avatar\/ccfb0e0ad48eefce3b7df49741ce4d74febe9fac574a1e3e08da5d2e920f0105?s=96&d=mm&r=g","contentUrl":"https:\/\/secure.gravatar.com\/avatar\/ccfb0e0ad48eefce3b7df49741ce4d74febe9fac574a1e3e08da5d2e920f0105?s=96&d=mm&r=g","caption":"admin"},"sameAs":["https:\/\/ffetiquetas.com.br\/blog"],"url":"https:\/\/www.ffetiquetas.com.br\/blog\/author\/admin\/"}]}},"_links":{"self":[{"href":"https:\/\/www.ffetiquetas.com.br\/blog\/wp-json\/wp\/v2\/posts\/3450","targetHints":{"allow":["GET"]}}],"collection":[{"href":"https:\/\/www.ffetiquetas.com.br\/blog\/wp-json\/wp\/v2\/posts"}],"about":[{"href":"https:\/\/www.ffetiquetas.com.br\/blog\/wp-json\/wp\/v2\/types\/post"}],"author":[{"embeddable":true,"href":"https:\/\/www.ffetiquetas.com.br\/blog\/wp-json\/wp\/v2\/users\/1"}],"replies":[{"embeddable":true,"href":"https:\/\/www.ffetiquetas.com.br\/blog\/wp-json\/wp\/v2\/comments?post=3450"}],"version-history":[{"count":1,"href":"https:\/\/www.ffetiquetas.com.br\/blog\/wp-json\/wp\/v2\/posts\/3450\/revisions"}],"predecessor-version":[{"id":3452,"href":"https:\/\/www.ffetiquetas.com.br\/blog\/wp-json\/wp\/v2\/posts\/3450\/revisions\/3452"}],"wp:featuredmedia":[{"embeddable":true,"href":"https:\/\/www.ffetiquetas.com.br\/blog\/wp-json\/wp\/v2\/media\/3451"}],"wp:attachment":[{"href":"https:\/\/www.ffetiquetas.com.br\/blog\/wp-json\/wp\/v2\/media?parent=3450"}],"wp:term":[{"taxonomy":"category","embeddable":true,"href":"https:\/\/www.ffetiquetas.com.br\/blog\/wp-json\/wp\/v2\/categories?post=3450"},{"taxonomy":"post_tag","embeddable":true,"href":"https:\/\/www.ffetiquetas.com.br\/blog\/wp-json\/wp\/v2\/tags?post=3450"}],"curies":[{"name":"wp","href":"https:\/\/api.w.org\/{rel}","templated":true}]}}