{"id":3284,"date":"2026-02-19T15:45:58","date_gmt":"2026-02-19T18:45:58","guid":{"rendered":"https:\/\/www.ffetiquetas.com.br\/blog\/?p=3284"},"modified":"2026-02-19T15:46:53","modified_gmt":"2026-02-19T18:46:53","slug":"etiquetas-de-produtos-personalizadas-peca-direto-da-fabrica","status":"publish","type":"post","link":"https:\/\/www.ffetiquetas.com.br\/blog\/2026\/02\/19\/etiquetas-de-produtos-personalizadas-peca-direto-da-fabrica\/","title":{"rendered":"Etiquetas de produtos personalizadas: pe\u00e7a direto da f\u00e1brica"},"content":{"rendered":"\n<p class=\"has-medium-font-size\"><strong><em>Descubra como as etiquetas de produtos personalizadas valorizam sua marca e conhe\u00e7a os modelos diretos da f\u00e1brica F&amp;F Etiquetas.<\/em><\/strong><\/p>\n\n\n\n<p>As <strong>etiquetas de produtos<\/strong> deixaram de ser apenas um item informativo. Hoje, s\u00e3o parte estrat\u00e9gica da identidade visual e da experi\u00eancia do consumidor. Elas comunicam valores, refor\u00e7am o posicionamento da marca e ajudam a destacar o produto nas prateleiras.<\/p>\n\n\n\n<p>Optar por <strong>etiquetas personalizadas direto da f\u00e1brica<\/strong> \u00e9 mais do que uma escolha est\u00e9tica \u2014 \u00e9 uma decis\u00e3o inteligente para quem busca qualidade, custo-benef\u00edcio e exclusividade.<\/p>\n\n\n\n<p>Neste artigo, voc\u00ea vai entender por que investir em etiquetas sob medida pode transformar a percep\u00e7\u00e3o da sua marca e como a <strong>F&amp;F Etiquetas<\/strong>, com mais de 25 anos de experi\u00eancia, \u00e9 refer\u00eancia na fabrica\u00e7\u00e3o direta para empresas de todo o Brasil.<\/p>\n\n\n\n<div id=\"ez-toc-container\" class=\"ez-toc-v2_0_69_1 counter-hierarchy ez-toc-counter ez-toc-grey ez-toc-container-direction\">\n<div class=\"ez-toc-title-container\">\n<p class=\"ez-toc-title\" style=\"cursor:inherit\">O que abordaremos neste artigo:<\/p>\n<span class=\"ez-toc-title-toggle\"><a href=\"#\" class=\"ez-toc-pull-right ez-toc-btn ez-toc-btn-xs ez-toc-btn-default ez-toc-toggle\" aria-label=\"Toggle Table of Content\"><span class=\"ez-toc-js-icon-con\"><span class=\"\"><span class=\"eztoc-hide\" style=\"display:none;\">Toggle<\/span><span class=\"ez-toc-icon-toggle-span\"><svg style=\"fill: #999;color:#999\" xmlns=\"http:\/\/www.w3.org\/2000\/svg\" class=\"list-377408\" width=\"20px\" height=\"20px\" viewBox=\"0 0 24 24\" fill=\"none\"><path d=\"M6 6H4v2h2V6zm14 0H8v2h12V6zM4 11h2v2H4v-2zm16 0H8v2h12v-2zM4 16h2v2H4v-2zm16 0H8v2h12v-2z\" fill=\"currentColor\"><\/path><\/svg><svg style=\"fill: #999;color:#999\" class=\"arrow-unsorted-368013\" xmlns=\"http:\/\/www.w3.org\/2000\/svg\" width=\"10px\" height=\"10px\" viewBox=\"0 0 24 24\" version=\"1.2\" baseProfile=\"tiny\"><path d=\"M18.2 9.3l-6.2-6.3-6.2 6.3c-.2.2-.3.4-.3.7s.1.5.3.7c.2.2.4.3.7.3h11c.3 0 .5-.1.7-.3.2-.2.3-.5.3-.7s-.1-.5-.3-.7zM5.8 14.7l6.2 6.3 6.2-6.3c.2-.2.3-.5.3-.7s-.1-.5-.3-.7c-.2-.2-.4-.3-.7-.3h-11c-.3 0-.5.1-.7.3-.2.2-.3.5-.3.7s.1.5.3.7z\"\/><\/svg><\/span><\/span><\/span><\/a><\/span><\/div>\n<nav><ul class='ez-toc-list ez-toc-list-level-1 ' ><li class='ez-toc-page-1 ez-toc-heading-level-2'><a class=\"ez-toc-link ez-toc-heading-1\" href=\"https:\/\/www.ffetiquetas.com.br\/blog\/2026\/02\/19\/etiquetas-de-produtos-personalizadas-peca-direto-da-fabrica\/#A_importancia_das_etiquetas_de_produtos_personalizadas\" title=\"A import\u00e2ncia das etiquetas de produtos personalizadas\">A import\u00e2ncia das etiquetas de produtos personalizadas<\/a><\/li><li class='ez-toc-page-1 ez-toc-heading-level-2'><a class=\"ez-toc-link ez-toc-heading-2\" href=\"https:\/\/www.ffetiquetas.com.br\/blog\/2026\/02\/19\/etiquetas-de-produtos-personalizadas-peca-direto-da-fabrica\/#Fatores_essenciais_ao_escolher_etiquetas_personalizadas\" title=\"Fatores essenciais ao escolher etiquetas personalizadas\">Fatores essenciais ao escolher etiquetas personalizadas<\/a><\/li><li class='ez-toc-page-1 ez-toc-heading-level-2'><a class=\"ez-toc-link ez-toc-heading-3\" href=\"https:\/\/www.ffetiquetas.com.br\/blog\/2026\/02\/19\/etiquetas-de-produtos-personalizadas-peca-direto-da-fabrica\/#Modelos_mais_usados_de_etiquetas_personalizadas\" title=\"Modelos mais usados de etiquetas personalizadas\">Modelos mais usados de etiquetas personalizadas<\/a><ul class='ez-toc-list-level-4' ><li class='ez-toc-heading-level-4'><ul class='ez-toc-list-level-4' ><li class='ez-toc-heading-level-4'><a class=\"ez-toc-link ez-toc-heading-4\" href=\"https:\/\/www.ffetiquetas.com.br\/blog\/2026\/02\/19\/etiquetas-de-produtos-personalizadas-peca-direto-da-fabrica\/#Etiqueta_de_metal_personalizada\" title=\"Etiqueta de metal personalizada\">Etiqueta de metal personalizada<\/a><\/li><li class='ez-toc-page-1 ez-toc-heading-level-4'><a class=\"ez-toc-link ez-toc-heading-5\" href=\"https:\/\/www.ffetiquetas.com.br\/blog\/2026\/02\/19\/etiquetas-de-produtos-personalizadas-peca-direto-da-fabrica\/#Etiquetas_de_tecido_personalizadas\" title=\"Etiquetas de tecido personalizadas\">Etiquetas de tecido personalizadas<\/a><\/li><li class='ez-toc-page-1 ez-toc-heading-level-4'><a class=\"ez-toc-link ez-toc-heading-6\" href=\"https:\/\/www.ffetiquetas.com.br\/blog\/2026\/02\/19\/etiquetas-de-produtos-personalizadas-peca-direto-da-fabrica\/#Etiquetas_de_vinil_personalizadas\" title=\"Etiquetas de vinil personalizadas\">Etiquetas de vinil personalizadas<\/a><\/li><li class='ez-toc-page-1 ez-toc-heading-level-4'><a class=\"ez-toc-link ez-toc-heading-7\" href=\"https:\/\/www.ffetiquetas.com.br\/blog\/2026\/02\/19\/etiquetas-de-produtos-personalizadas-peca-direto-da-fabrica\/#Etiqueta_de_preco_personalizada\" title=\"Etiqueta de pre\u00e7o personalizada\">Etiqueta de pre\u00e7o personalizada<\/a><\/li><\/ul><\/li><\/ul><\/li><li class='ez-toc-page-1 ez-toc-heading-level-2'><a class=\"ez-toc-link ez-toc-heading-8\" href=\"https:\/\/www.ffetiquetas.com.br\/blog\/2026\/02\/19\/etiquetas-de-produtos-personalizadas-peca-direto-da-fabrica\/#Por_que_comprar_direto_da_fabrica\" title=\"Por que comprar direto da f\u00e1brica?\">Por que comprar direto da f\u00e1brica?<\/a><\/li><li class='ez-toc-page-1 ez-toc-heading-level-2'><a class=\"ez-toc-link ez-toc-heading-9\" href=\"https:\/\/www.ffetiquetas.com.br\/blog\/2026\/02\/19\/etiquetas-de-produtos-personalizadas-peca-direto-da-fabrica\/#O_diferencial_das_etiquetas_F_F_Etiquetas\" title=\"O diferencial das etiquetas F&amp;F Etiquetas\">O diferencial das etiquetas F&amp;F Etiquetas<\/a><\/li><li class='ez-toc-page-1 ez-toc-heading-level-2'><a class=\"ez-toc-link ez-toc-heading-10\" href=\"https:\/\/www.ffetiquetas.com.br\/blog\/2026\/02\/19\/etiquetas-de-produtos-personalizadas-peca-direto-da-fabrica\/#Etiquetas_de_produtos_personalizadas_F_F_Etiquetas\" title=\"Etiquetas de produtos personalizadas F&amp;F Etiquetas\">Etiquetas de produtos personalizadas F&amp;F Etiquetas<\/a><\/li><\/ul><\/nav><\/div>\n<h2 class=\"wp-block-heading\"><span class=\"ez-toc-section\" id=\"A_importancia_das_etiquetas_de_produtos_personalizadas\"><\/span><strong>A import\u00e2ncia das etiquetas de produtos personalizadas<\/strong><span class=\"ez-toc-section-end\"><\/span><\/h2>\n\n\n\n<p>As <strong>etiquetas de produtos<\/strong> s\u00e3o o primeiro ponto de contato entre a sua marca e o consumidor. Elas carregam informa\u00e7\u00f5es essenciais \u2014 composi\u00e7\u00e3o, validade, c\u00f3digo de barras, instru\u00e7\u00f5es de uso \u2014 mas tamb\u00e9m traduzem o prop\u00f3sito e o estilo do seu neg\u00f3cio.<\/p>\n\n\n\n<p>Uma <strong>etiqueta bem desenvolvida<\/strong> pode aumentar a percep\u00e7\u00e3o de valor do produto, fortalecer o branding e at\u00e9 influenciar a decis\u00e3o de compra.&nbsp;<\/p>\n\n\n\n<p>Por isso, empresas de todos os setores, do vestu\u00e1rio \u00e0 ind\u00fastria aliment\u00edcia, t\u00eam investido em modelos personalizados que unam <strong>est\u00e9tica, durabilidade e funcionalidade<\/strong>.<\/p>\n\n\n\n<p>Al\u00e9m disso, personalizar etiquetas garante <strong>maior controle sobre o design e a mensagem transmitida<\/strong>. Isso permite harmonizar cores, logotipo e tipografia de forma consistente com a identidade visual da marca.<\/p>\n\n\n\n<ul class=\"wp-block-list\">\n<li><a href=\"https:\/\/www.ffetiquetas.com.br\/blog\/2025\/11\/27\/etiquetas-com-pre-impressao-da-ff\/\">Como as etiquetas com pr\u00e9 impress\u00e3o reduzem os custos<\/a><\/li>\n<\/ul>\n\n\n\n<h2 class=\"wp-block-heading\"><span class=\"ez-toc-section\" id=\"Fatores_essenciais_ao_escolher_etiquetas_personalizadas\"><\/span><strong>Fatores essenciais ao escolher etiquetas personalizadas<\/strong><span class=\"ez-toc-section-end\"><\/span><\/h2>\n\n\n\n<p>O segredo para uma <strong>etiqueta de produto eficiente<\/strong> est\u00e1 na adequa\u00e7\u00e3o ao ambiente e ao uso do produto. Antes de produzir, \u00e9 essencial analisar:<\/p>\n\n\n\n<ul class=\"wp-block-list\">\n<li><strong>Exposi\u00e7\u00e3o a intemp\u00e9ries:<\/strong> produtos expostos ao sol, umidade ou varia\u00e7\u00f5es de temperatura exigem materiais resistentes, como o vinil ou o metal anodizado;<br><br><\/li>\n\n\n\n<li><strong>Tipo de cola:<\/strong> a ader\u00eancia deve ser adequada \u00e0 superf\u00edcie \u2014 vidro, tecido, metal ou papel\u00e3o;<br><br><\/li>\n\n\n\n<li><strong>Informa\u00e7\u00f5es obrigat\u00f3rias:<\/strong> clareza e legibilidade s\u00e3o fundamentais para evitar problemas com o consumidor e com \u00f3rg\u00e3os reguladores;<br><br><\/li>\n\n\n\n<li><strong>Apresenta\u00e7\u00e3o visual:<\/strong> a etiqueta deve refletir o padr\u00e3o da marca, comunicando qualidade e confian\u00e7a;<br><br><\/li>\n\n\n\n<li><strong>Material e acabamento:<\/strong> cada tipo de material traz uma sensa\u00e7\u00e3o diferente ao toque e \u00e0 apar\u00eancia \u2014 e isso impacta na percep\u00e7\u00e3o do consumidor.<br><\/li>\n<\/ul>\n\n\n\n<p>Investir em <strong>etiquetas de produtos sob medida<\/strong> \u00e9 investir na durabilidade e na reputa\u00e7\u00e3o da sua marca.<\/p>\n\n\n\n<h2 class=\"wp-block-heading\"><span class=\"ez-toc-section\" id=\"Modelos_mais_usados_de_etiquetas_personalizadas\"><\/span><strong>Modelos mais usados de etiquetas personalizadas<\/strong><span class=\"ez-toc-section-end\"><\/span><\/h2>\n\n\n\n<p>A variedade de materiais e acabamentos permite atender desde pequenas produ\u00e7\u00f5es at\u00e9 linhas industriais complexas. Veja os principais modelos:<\/p>\n\n\n\n<h4 class=\"wp-block-heading\"><span class=\"ez-toc-section\" id=\"Etiqueta_de_metal_personalizada\"><\/span><strong>Etiqueta de metal personalizada<\/strong><span class=\"ez-toc-section-end\"><\/span><\/h4>\n\n\n\n<p>Ideal para aplica\u00e7\u00f5es industriais ou produtos premium. S\u00e3o <strong>altamente dur\u00e1veis<\/strong>, resistentes \u00e0 abras\u00e3o e ao tempo. Transmitem uma imagem de <strong>sofistica\u00e7\u00e3o e robustez<\/strong> \u2014 muito usadas em equipamentos eletr\u00f4nicos e maquin\u00e1rios.<\/p>\n\n\n\n<h4 class=\"wp-block-heading\"><span class=\"ez-toc-section\" id=\"Etiquetas_de_tecido_personalizadas\"><\/span><strong>Etiquetas de tecido personalizadas<\/strong><span class=\"ez-toc-section-end\"><\/span><\/h4>\n\n\n\n<p>Essenciais no setor t\u00eaxtil, essas etiquetas refor\u00e7am a <strong>identidade do vestu\u00e1rio e acess\u00f3rios<\/strong>. Permitem acabamentos delicados e comunica\u00e7\u00e3o direta com o cliente, agregando valor \u00e0 pe\u00e7a e \u00e0 marca.<\/p>\n\n\n\n<h4 class=\"wp-block-heading\"><span class=\"ez-toc-section\" id=\"Etiquetas_de_vinil_personalizadas\"><\/span><strong>Etiquetas de vinil personalizadas<\/strong><span class=\"ez-toc-section-end\"><\/span><\/h4>\n\n\n\n<p>Resistentes \u00e0 \u00e1gua, sol e varia\u00e7\u00f5es clim\u00e1ticas, s\u00e3o perfeitas para <strong>produtos externos, automotivos ou cosm\u00e9ticos<\/strong>. Al\u00e9m de vers\u00e1teis, permitem cores vivas e impress\u00f5es n\u00edtidas, garantindo destaque visual.<\/p>\n\n\n\n<h4 class=\"wp-block-heading\"><span class=\"ez-toc-section\" id=\"Etiqueta_de_preco_personalizada\"><\/span><strong>Etiqueta de pre\u00e7o personalizada<\/strong><span class=\"ez-toc-section-end\"><\/span><\/h4>\n\n\n\n<p>Muito usada no varejo, essa etiqueta combina <strong>clareza e praticidade<\/strong>. Exibe informa\u00e7\u00f5es sobre pre\u00e7o, c\u00f3digo de barras e promo\u00e7\u00f5es, sem abrir m\u00e3o da est\u00e9tica da marca.<\/p>\n\n\n\n<p>Esses modelos podem ser adaptados conforme a necessidade de cada neg\u00f3cio, garantindo resultados exclusivos e funcionais.<\/p>\n\n\n\n<h2 class=\"wp-block-heading\"><span class=\"ez-toc-section\" id=\"Por_que_comprar_direto_da_fabrica\"><\/span><strong>Por que comprar direto da f\u00e1brica?<\/strong><span class=\"ez-toc-section-end\"><\/span><\/h2>\n\n\n\n<p>Comprar <strong>etiquetas personalizadas direto da f\u00e1brica<\/strong> \u00e9 uma escolha estrat\u00e9gica que une <strong>qualidade, economia e controle total sobre o produto<\/strong>.&nbsp;<\/p>\n\n\n<div class=\"wp-block-image\">\n<figure class=\"alignright size-full is-resized\"><img loading=\"lazy\" decoding=\"async\" width=\"565\" height=\"521\" src=\"https:\/\/www.ffetiquetas.com.br\/blog\/wp-content\/uploads\/2026\/02\/001-1.webp\" alt=\"Etiquetas de produtos personalizadas: pe\u00e7a direto da f\u00e1brica\" class=\"wp-image-3286\" style=\"width:213px;height:auto\" srcset=\"https:\/\/www.ffetiquetas.com.br\/blog\/wp-content\/uploads\/2026\/02\/001-1.webp 565w, https:\/\/www.ffetiquetas.com.br\/blog\/wp-content\/uploads\/2026\/02\/001-1-300x277.webp 300w, https:\/\/www.ffetiquetas.com.br\/blog\/wp-content\/uploads\/2026\/02\/001-1-65x60.webp 65w\" sizes=\"auto, (max-width: 565px) 100vw, 565px\" \/><\/figure>\n<\/div>\n\n\n<p>Sem intermedi\u00e1rios, os custos s\u00e3o reduzidos e o processo de produ\u00e7\u00e3o se torna mais \u00e1gil, garantindo prazos curtos e pre\u00e7os mais competitivos.&nbsp;<\/p>\n\n\n\n<p>Al\u00e9m disso, o contato direto com o fabricante permite <strong>personaliza\u00e7\u00e3o completa<\/strong>, desde o material at\u00e9 o acabamento, assegurando que cada detalhe da etiqueta reflita a identidade da marca.&nbsp;<\/p>\n\n\n\n<p>Outro ponto importante \u00e9 o <strong>rigor no controle de qualidade<\/strong>, j\u00e1 que cada etapa da produ\u00e7\u00e3o \u00e9 acompanhada de perto.&nbsp;<\/p>\n\n\n\n<p>Assim, ao comprar direto da f\u00e1brica, voc\u00ea garante <strong>efici\u00eancia, autenticidade e resultados superiores<\/strong> em cada lote produzido.<\/p>\n\n\n\n<ul class=\"wp-block-list\">\n<li><a href=\"https:\/\/www.ffetiquetas.com.br\/blog\/2025\/11\/14\/fabricante-de-etiquetas-em-branco-lider-em-campinas\/\">Fabricante de etiquetas em branco l\u00edder em Campinas<\/a><\/li>\n<\/ul>\n\n\n\n<h2 class=\"wp-block-heading\"><span class=\"ez-toc-section\" id=\"O_diferencial_das_etiquetas_F_F_Etiquetas\"><\/span><strong>O diferencial das etiquetas F&amp;F Etiquetas<\/strong><span class=\"ez-toc-section-end\"><\/span><\/h2>\n\n\n\n<p>Com <strong>mais de 25 anos de experi\u00eancia<\/strong> no ramo gr\u00e1fico, a <strong>F&amp;F Etiquetas<\/strong> \u00e9 refer\u00eancia nacional em <strong>etiquetas de produtos personalizadas<\/strong>.<\/p>\n\n\n\n<p>A empresa atua como <strong>fabricante, convertedor e bureau de impress\u00e3o<\/strong>, o que permite oferecer solu\u00e7\u00f5es completas para diferentes segmentos \u2014 do varejo de moda \u00e0 ind\u00fastria aliment\u00edcia e log\u00edstica.<\/p>\n\n\n\n<p>Entre os principais produtos e servi\u00e7os, destacam-se:<\/p>\n\n\n\n<ul class=\"wp-block-list\">\n<li><strong>Etiquetas em branco e ribbons<\/strong>;<br><\/li>\n\n\n\n<li><strong>Etiquetas para roupas e magazines<\/strong>;<br><\/li>\n\n\n\n<li><strong>Etiquetas t\u00e9rmicas para balan\u00e7as e bobinas para ECF e REP<\/strong>;<br><\/li>\n\n\n\n<li><strong>Tags e r\u00f3tulos personalizados<\/strong>;<br><\/li>\n\n\n\n<li><strong>Etiquetas dur\u00e1veis em vinil, tecido e metal<\/strong>.<br><\/li>\n<\/ul>\n\n\n\n<p>A F&amp;F \u00e9 <strong>homologada em mais de 110 lojas varejistas de vestu\u00e1rio<\/strong> no Brasil e exporta para ao menos tr\u00eas pa\u00edses, consolidando sua credibilidade no mercado.<\/p>\n\n\n\n<p>A empresa investe continuamente em <strong>equipamentos de \u00faltima gera\u00e7\u00e3o e equipe altamente qualificada<\/strong>, garantindo excel\u00eancia, pontualidade e inova\u00e7\u00e3o em cada projeto.<\/p>\n\n\n\n<h2 class=\"wp-block-heading\"><span class=\"ez-toc-section\" id=\"Etiquetas_de_produtos_personalizadas_F_F_Etiquetas\"><\/span><strong>Etiquetas de produtos personalizadas F&amp;F Etiquetas<\/strong><span class=\"ez-toc-section-end\"><\/span><\/h2>\n\n\n\n<p>Na <strong>F&amp;F Etiquetas<\/strong>, cada etiqueta \u00e9 desenvolvida com foco no prop\u00f3sito da marca do cliente. A empresa combina <strong>tecnologia de impress\u00e3o avan\u00e7ada<\/strong> com <strong>materiais de alta performance<\/strong>, criando produtos dur\u00e1veis, elegantes e totalmente personalizados.<\/p>\n\n\n\n<p>Seja para <strong>identificar produtos, refor\u00e7ar o branding ou agregar valor visual<\/strong>, a F&amp;F entrega solu\u00e7\u00f5es sob medida que unem qualidade, resist\u00eancia e design.<\/p>\n\n\n\n<p><strong>Pe\u00e7a direto da f\u00e1brica e tenha etiquetas que representam a ess\u00eancia da sua marca. <\/strong><a href=\"https:\/\/www.ffetiquetas.com.br\/contato\/\"><strong>Entre em contato com a equipe da F&amp;F Etiquetas e solicite um or\u00e7amento personalizado.<\/strong><\/a><\/p>\n\n\n\n<p><\/p>\n","protected":false},"excerpt":{"rendered":"<p>Descubra como as etiquetas de produtos personalizadas valorizam sua marca e conhe\u00e7a os modelos diretos da f\u00e1brica F&amp;F Etiquetas. As etiquetas de produtos deixaram de ser apenas um item informativo. Hoje, s\u00e3o parte estrat\u00e9gica da identidade visual e da experi\u00eancia do consumidor. Elas comunicam valores, refor\u00e7am o posicionamento da marca e ajudam a destacar o &hellip; <\/p>\n","protected":false},"author":1,"featured_media":3285,"comment_status":"open","ping_status":"open","sticky":false,"template":"","format":"standard","meta":{"footnotes":""},"categories":[6],"tags":[4562,4566,4577,867,4574,4576,971,371,4556,4582,4596,4594,4590,4604,4601,4598,4592,4605,4586,4600,4602,4606,4603,4585,4584,4589,4597,4593,4591,4599,4595,4581,4555,4587,4583,4588,369,4565,4558,4557,4572,786,4568,4062,922,766,563,32,3105,4559,4570,532,765,4575,4578,4560,375,38,4579,4580,4573,4561,4378,4571,4563,4244,4564,4569,4247,4567,488],"class_list":["post-3284","post","type-post","status-publish","format-standard","has-post-thumbnail","hentry","category-etiquetas","tag-como-escolher-etiquetas-de-produtos","tag-como-personalizar-etiquetas-de-roupas","tag-empresa-de-etiquetas-de-produtos","tag-etiquetas-adesivas","tag-etiquetas-ajudam-no-branding","tag-etiquetas-com-impressao-personalizada","tag-etiquetas-de-identificacao","tag-etiquetas-de-metal","tag-etiquetas-de-produtos","tag-etiquetas-de-produtos-comprar","tag-etiquetas-de-produtos-em-barueri","tag-etiquetas-de-produtos-em-carapicuiba","tag-etiquetas-de-produtos-em-cotia","tag-etiquetas-de-produtos-em-diadema","tag-etiquetas-de-produtos-em-guarulhos","tag-etiquetas-de-produtos-em-itapevi","tag-etiquetas-de-produtos-em-jandira","tag-etiquetas-de-produtos-em-osasco","tag-etiquetas-de-produtos-em-promocao","tag-etiquetas-de-produtos-em-santana-de-parnaiba","tag-etiquetas-de-produtos-em-santo-andre","tag-etiquetas-de-produtos-em-sao-bernardo","tag-etiquetas-de-produtos-em-sao-caetano","tag-etiquetas-de-produtos-em-sao-paulo","tag-etiquetas-de-produtos-em-sp","tag-etiquetas-de-produtos-na-zona-leste","tag-etiquetas-de-produtos-na-zona-norte","tag-etiquetas-de-produtos-na-zona-oeste","tag-etiquetas-de-produtos-na-zona-sul","tag-etiquetas-de-produtos-no-abc","tag-etiquetas-de-produtos-no-centro","tag-etiquetas-de-produtos-onde-encontrar","tag-etiquetas-de-produtos-personalizadas","tag-etiquetas-de-produtos-perto-de-mim","tag-etiquetas-de-produtos-preco","tag-etiquetas-de-produtos-proximo-a-mim","tag-etiquetas-de-tecido","tag-etiquetas-de-tecido-ou-vinil-qual-escolher","tag-etiquetas-de-vinil","tag-etiquetas-diretas-da-fabrica","tag-etiquetas-ff-sao-boas","tag-etiquetas-industriais","tag-etiquetas-industriais-sao-resistentes","tag-etiquetas-para-balancas","tag-etiquetas-para-cosmeticos","tag-etiquetas-para-lojas","tag-etiquetas-para-roupas","tag-etiquetas-para-vestuario","tag-etiquetas-personalizadas-aumentam-as-vendas","tag-etiquetas-personalizadas-ff-etiquetas","tag-etiquetas-personalizadas-para-pequenas-empresas","tag-etiquetas-sob-medida","tag-etiquetas-termicas","tag-fabrica-de-etiquetas-confiavel","tag-fabrica-de-etiquetas-de-produtos","tag-fabrica-de-etiquetas-no-brasil","tag-fabricacao-de-etiquetas","tag-fabricante-de-etiquetas","tag-fabricante-de-etiquetas-de-produtos","tag-loja-de-etiquetas-de-produtos","tag-o-que-considerar-ao-fazer-etiquetas-sob-medida","tag-o-que-sao-etiquetas-de-produtos-personalizadas","tag-onde-comprar-etiquetas-direto-da-fabrica","tag-onde-fazer-etiquetas-de-alta-qualidade","tag-quais-os-tipos-de-etiquetas-personalizadas","tag-quais-setores-usam-etiquetas-personalizadas","tag-qual-o-melhor-material-para-etiquetas-de-produtos","tag-qual-o-prazo-de-producao-de-etiquetas","tag-quanto-custa-uma-etiqueta-personalizada","tag-quem-fabrica-etiquetas-de-produtos","tag-rotulos-personalizados","latest_post"],"yoast_head":"<!-- This site is optimized with the Yoast SEO plugin v23.0 - https:\/\/yoast.com\/wordpress\/plugins\/seo\/ -->\n<title>Etiquetas de produtos personalizadas: pe\u00e7a direto da f\u00e1brica - Blog | F&amp;F Etiquetas<\/title>\n<meta name=\"description\" content=\"Descubra como as etiquetas de produtos personalizadas valorizam sua marca e conhe\u00e7a os modelos diretos da f\u00e1brica F&amp;F Etiquetas.\" \/>\n<meta name=\"robots\" content=\"index, follow, max-snippet:-1, max-image-preview:large, max-video-preview:-1\" \/>\n<link rel=\"canonical\" href=\"https:\/\/www.ffetiquetas.com.br\/blog\/2026\/02\/19\/etiquetas-de-produtos-personalizadas-peca-direto-da-fabrica\/\" \/>\n<meta property=\"og:locale\" content=\"pt_BR\" \/>\n<meta property=\"og:type\" content=\"article\" \/>\n<meta property=\"og:title\" content=\"Etiquetas de produtos personalizadas: pe\u00e7a direto da f\u00e1brica - Blog | F&amp;F Etiquetas\" \/>\n<meta property=\"og:description\" content=\"Descubra como as etiquetas de produtos personalizadas valorizam sua marca e conhe\u00e7a os modelos diretos da f\u00e1brica F&amp;F Etiquetas.\" \/>\n<meta property=\"og:url\" content=\"https:\/\/www.ffetiquetas.com.br\/blog\/2026\/02\/19\/etiquetas-de-produtos-personalizadas-peca-direto-da-fabrica\/\" \/>\n<meta property=\"og:site_name\" content=\"Blog | F&amp;F Etiquetas\" \/>\n<meta property=\"article:published_time\" content=\"2026-02-19T18:45:58+00:00\" \/>\n<meta property=\"article:modified_time\" content=\"2026-02-19T18:46:53+00:00\" \/>\n<meta property=\"og:image\" content=\"https:\/\/www.ffetiquetas.com.br\/blog\/wp-content\/uploads\/2026\/02\/etiqueta-2.png\" \/>\n\t<meta property=\"og:image:width\" content=\"590\" \/>\n\t<meta property=\"og:image:height\" content=\"299\" \/>\n\t<meta property=\"og:image:type\" content=\"image\/png\" \/>\n<meta name=\"author\" content=\"admin\" \/>\n<meta name=\"twitter:card\" content=\"summary_large_image\" \/>\n<meta name=\"twitter:label1\" content=\"Escrito por\" \/>\n\t<meta name=\"twitter:data1\" content=\"admin\" \/>\n\t<meta name=\"twitter:label2\" content=\"Est. tempo de leitura\" \/>\n\t<meta name=\"twitter:data2\" content=\"6 minutos\" \/>\n<script type=\"application\/ld+json\" class=\"yoast-schema-graph\">{\"@context\":\"https:\/\/schema.org\",\"@graph\":[{\"@type\":\"Article\",\"@id\":\"https:\/\/www.ffetiquetas.com.br\/blog\/2026\/02\/19\/etiquetas-de-produtos-personalizadas-peca-direto-da-fabrica\/#article\",\"isPartOf\":{\"@id\":\"https:\/\/www.ffetiquetas.com.br\/blog\/2026\/02\/19\/etiquetas-de-produtos-personalizadas-peca-direto-da-fabrica\/\"},\"author\":{\"name\":\"admin\",\"@id\":\"https:\/\/www.ffetiquetas.com.br\/blog\/#\/schema\/person\/40702d9805d9211a8f1d0930f1bcb12c\"},\"headline\":\"Etiquetas de produtos personalizadas: pe\u00e7a direto da f\u00e1brica\",\"datePublished\":\"2026-02-19T18:45:58+00:00\",\"dateModified\":\"2026-02-19T18:46:53+00:00\",\"mainEntityOfPage\":{\"@id\":\"https:\/\/www.ffetiquetas.com.br\/blog\/2026\/02\/19\/etiquetas-de-produtos-personalizadas-peca-direto-da-fabrica\/\"},\"wordCount\":1049,\"commentCount\":0,\"publisher\":{\"@id\":\"https:\/\/www.ffetiquetas.com.br\/blog\/#organization\"},\"image\":{\"@id\":\"https:\/\/www.ffetiquetas.com.br\/blog\/2026\/02\/19\/etiquetas-de-produtos-personalizadas-peca-direto-da-fabrica\/#primaryimage\"},\"thumbnailUrl\":\"https:\/\/www.ffetiquetas.com.br\/blog\/wp-content\/uploads\/2026\/02\/etiqueta-2.png\",\"keywords\":[\"como escolher etiquetas de produtos?\",\"como personalizar etiquetas de roupas?\",\"empresa de etiquetas de produtos\",\"etiquetas adesivas\",\"etiquetas ajudam no branding?\",\"etiquetas com impress\u00e3o personalizada?\",\"etiquetas de identifica\u00e7\u00e3o\",\"Etiquetas de metal\",\"etiquetas de produtos\",\"etiquetas de produtos comprar\",\"etiquetas de produtos em Barueri\",\"etiquetas de produtos em Carapicu\u00edba\",\"etiquetas de produtos em Cotia\",\"etiquetas de produtos em Diadema\",\"etiquetas de produtos em Guarulhos\",\"etiquetas de produtos em Itapevi\",\"etiquetas de produtos em Jandira\",\"etiquetas de produtos em Osasco\",\"etiquetas de produtos em promo\u00e7\u00e3o\",\"etiquetas de produtos em Santana de Parna\u00edba\",\"etiquetas de produtos em Santo Andr\u00e9\",\"etiquetas de produtos em S\u00e3o Bernardo\",\"etiquetas de produtos em S\u00e3o Caetano\",\"etiquetas de produtos em s\u00e3o paulo\",\"etiquetas de produtos em sp\",\"etiquetas de produtos na zona leste\",\"etiquetas de produtos na zona norte\",\"etiquetas de produtos na zona oeste\",\"etiquetas de produtos na zona sul\",\"etiquetas de produtos no ABC\",\"etiquetas de produtos no centro\",\"etiquetas de produtos onde encontrar\",\"etiquetas de produtos personalizadas\",\"etiquetas de produtos perto de mim\",\"etiquetas de produtos pre\u00e7o\",\"etiquetas de produtos pr\u00f3ximo a mim\",\"Etiquetas de tecido\",\"etiquetas de tecido ou vinil: qual escolher?\",\"etiquetas de vinil\",\"etiquetas diretas da f\u00e1brica\",\"etiquetas F&amp;F s\u00e3o boas?\",\"etiquetas industriais\",\"etiquetas industriais s\u00e3o resistentes?\",\"etiquetas para balan\u00e7as\",\"etiquetas para cosm\u00e9ticos\",\"etiquetas para lojas\",\"etiquetas para roupas\",\"Etiquetas para vestu\u00e1rio\",\"etiquetas personalizadas aumentam as vendas?\",\"etiquetas personalizadas F&amp;F Etiquetas\",\"etiquetas personalizadas para pequenas empresas?\",\"Etiquetas sob medida\",\"etiquetas t\u00e9rmicas\",\"f\u00e1brica de etiquetas confi\u00e1vel?\",\"f\u00e1brica de etiquetas de produtos\",\"f\u00e1brica de etiquetas no Brasil\",\"Fabrica\u00e7\u00e3o de etiquetas\",\"fabricante de etiquetas\",\"fabricante de etiquetas de produtos\",\"loja de etiquetas de produtos\",\"o que considerar ao fazer etiquetas sob medida?\",\"o que s\u00e3o etiquetas de produtos personalizadas?\",\"onde comprar etiquetas direto da fabrica\",\"onde fazer etiquetas de alta qualidade?\",\"quais os tipos de etiquetas personalizadas?\",\"quais setores usam etiquetas personalizadas?\",\"qual o melhor material para etiquetas de produtos?\",\"qual o prazo de produ\u00e7\u00e3o de etiquetas?\",\"quanto custa uma etiqueta personalizada?\",\"quem fabrica etiquetas de produtos?\",\"R\u00f3tulos personalizados\"],\"articleSection\":[\"Etiquetas\"],\"inLanguage\":\"pt-BR\",\"potentialAction\":[{\"@type\":\"CommentAction\",\"name\":\"Comment\",\"target\":[\"https:\/\/www.ffetiquetas.com.br\/blog\/2026\/02\/19\/etiquetas-de-produtos-personalizadas-peca-direto-da-fabrica\/#respond\"]}]},{\"@type\":\"WebPage\",\"@id\":\"https:\/\/www.ffetiquetas.com.br\/blog\/2026\/02\/19\/etiquetas-de-produtos-personalizadas-peca-direto-da-fabrica\/\",\"url\":\"https:\/\/www.ffetiquetas.com.br\/blog\/2026\/02\/19\/etiquetas-de-produtos-personalizadas-peca-direto-da-fabrica\/\",\"name\":\"Etiquetas de produtos personalizadas: pe\u00e7a direto da f\u00e1brica - Blog | F&amp;F Etiquetas\",\"isPartOf\":{\"@id\":\"https:\/\/www.ffetiquetas.com.br\/blog\/#website\"},\"primaryImageOfPage\":{\"@id\":\"https:\/\/www.ffetiquetas.com.br\/blog\/2026\/02\/19\/etiquetas-de-produtos-personalizadas-peca-direto-da-fabrica\/#primaryimage\"},\"image\":{\"@id\":\"https:\/\/www.ffetiquetas.com.br\/blog\/2026\/02\/19\/etiquetas-de-produtos-personalizadas-peca-direto-da-fabrica\/#primaryimage\"},\"thumbnailUrl\":\"https:\/\/www.ffetiquetas.com.br\/blog\/wp-content\/uploads\/2026\/02\/etiqueta-2.png\",\"datePublished\":\"2026-02-19T18:45:58+00:00\",\"dateModified\":\"2026-02-19T18:46:53+00:00\",\"description\":\"Descubra como as etiquetas de produtos personalizadas valorizam sua marca e conhe\u00e7a os modelos diretos da f\u00e1brica F&F Etiquetas.\",\"breadcrumb\":{\"@id\":\"https:\/\/www.ffetiquetas.com.br\/blog\/2026\/02\/19\/etiquetas-de-produtos-personalizadas-peca-direto-da-fabrica\/#breadcrumb\"},\"inLanguage\":\"pt-BR\",\"potentialAction\":[{\"@type\":\"ReadAction\",\"target\":[\"https:\/\/www.ffetiquetas.com.br\/blog\/2026\/02\/19\/etiquetas-de-produtos-personalizadas-peca-direto-da-fabrica\/\"]}]},{\"@type\":\"ImageObject\",\"inLanguage\":\"pt-BR\",\"@id\":\"https:\/\/www.ffetiquetas.com.br\/blog\/2026\/02\/19\/etiquetas-de-produtos-personalizadas-peca-direto-da-fabrica\/#primaryimage\",\"url\":\"https:\/\/www.ffetiquetas.com.br\/blog\/wp-content\/uploads\/2026\/02\/etiqueta-2.png\",\"contentUrl\":\"https:\/\/www.ffetiquetas.com.br\/blog\/wp-content\/uploads\/2026\/02\/etiqueta-2.png\",\"width\":590,\"height\":299,\"caption\":\"Etiquetas de produtos personalizadas: pe\u00e7a direto da f\u00e1brica\"},{\"@type\":\"BreadcrumbList\",\"@id\":\"https:\/\/www.ffetiquetas.com.br\/blog\/2026\/02\/19\/etiquetas-de-produtos-personalizadas-peca-direto-da-fabrica\/#breadcrumb\",\"itemListElement\":[{\"@type\":\"ListItem\",\"position\":1,\"name\":\"In\u00edcio\",\"item\":\"https:\/\/www.ffetiquetas.com.br\/blog\/\"},{\"@type\":\"ListItem\",\"position\":2,\"name\":\"Etiquetas de produtos personalizadas: pe\u00e7a direto da f\u00e1brica\"}]},{\"@type\":\"WebSite\",\"@id\":\"https:\/\/www.ffetiquetas.com.br\/blog\/#website\",\"url\":\"https:\/\/www.ffetiquetas.com.br\/blog\/\",\"name\":\"Blog | F&amp;F Etiquetas\",\"description\":\"\",\"publisher\":{\"@id\":\"https:\/\/www.ffetiquetas.com.br\/blog\/#organization\"},\"potentialAction\":[{\"@type\":\"SearchAction\",\"target\":{\"@type\":\"EntryPoint\",\"urlTemplate\":\"https:\/\/www.ffetiquetas.com.br\/blog\/?s={search_term_string}\"},\"query-input\":\"required name=search_term_string\"}],\"inLanguage\":\"pt-BR\"},{\"@type\":\"Organization\",\"@id\":\"https:\/\/www.ffetiquetas.com.br\/blog\/#organization\",\"name\":\"Blog | F&amp;F Etiquetas\",\"url\":\"https:\/\/www.ffetiquetas.com.br\/blog\/\",\"logo\":{\"@type\":\"ImageObject\",\"inLanguage\":\"pt-BR\",\"@id\":\"https:\/\/www.ffetiquetas.com.br\/blog\/#\/schema\/logo\/image\/\",\"url\":\"https:\/\/www.ffetiquetas.com.br\/blog\/wp-content\/uploads\/2024\/07\/logo-1-2.png\",\"contentUrl\":\"https:\/\/www.ffetiquetas.com.br\/blog\/wp-content\/uploads\/2024\/07\/logo-1-2.png\",\"width\":820,\"height\":200,\"caption\":\"Blog | F&amp;F Etiquetas\"},\"image\":{\"@id\":\"https:\/\/www.ffetiquetas.com.br\/blog\/#\/schema\/logo\/image\/\"}},{\"@type\":\"Person\",\"@id\":\"https:\/\/www.ffetiquetas.com.br\/blog\/#\/schema\/person\/40702d9805d9211a8f1d0930f1bcb12c\",\"name\":\"admin\",\"image\":{\"@type\":\"ImageObject\",\"inLanguage\":\"pt-BR\",\"@id\":\"https:\/\/www.ffetiquetas.com.br\/blog\/#\/schema\/person\/image\/\",\"url\":\"https:\/\/secure.gravatar.com\/avatar\/ccfb0e0ad48eefce3b7df49741ce4d74febe9fac574a1e3e08da5d2e920f0105?s=96&d=mm&r=g\",\"contentUrl\":\"https:\/\/secure.gravatar.com\/avatar\/ccfb0e0ad48eefce3b7df49741ce4d74febe9fac574a1e3e08da5d2e920f0105?s=96&d=mm&r=g\",\"caption\":\"admin\"},\"sameAs\":[\"https:\/\/ffetiquetas.com.br\/blog\"],\"url\":\"https:\/\/www.ffetiquetas.com.br\/blog\/author\/admin\/\"}]}<\/script>\n<!-- \/ Yoast SEO plugin. -->","yoast_head_json":{"title":"Etiquetas de produtos personalizadas: pe\u00e7a direto da f\u00e1brica - Blog | F&amp;F Etiquetas","description":"Descubra como as etiquetas de produtos personalizadas valorizam sua marca e conhe\u00e7a os modelos diretos da f\u00e1brica F&F Etiquetas.","robots":{"index":"index","follow":"follow","max-snippet":"max-snippet:-1","max-image-preview":"max-image-preview:large","max-video-preview":"max-video-preview:-1"},"canonical":"https:\/\/www.ffetiquetas.com.br\/blog\/2026\/02\/19\/etiquetas-de-produtos-personalizadas-peca-direto-da-fabrica\/","og_locale":"pt_BR","og_type":"article","og_title":"Etiquetas de produtos personalizadas: pe\u00e7a direto da f\u00e1brica - Blog | F&amp;F Etiquetas","og_description":"Descubra como as etiquetas de produtos personalizadas valorizam sua marca e conhe\u00e7a os modelos diretos da f\u00e1brica F&F Etiquetas.","og_url":"https:\/\/www.ffetiquetas.com.br\/blog\/2026\/02\/19\/etiquetas-de-produtos-personalizadas-peca-direto-da-fabrica\/","og_site_name":"Blog | F&amp;F Etiquetas","article_published_time":"2026-02-19T18:45:58+00:00","article_modified_time":"2026-02-19T18:46:53+00:00","og_image":[{"width":590,"height":299,"url":"https:\/\/www.ffetiquetas.com.br\/blog\/wp-content\/uploads\/2026\/02\/etiqueta-2.png","type":"image\/png"}],"author":"admin","twitter_card":"summary_large_image","twitter_misc":{"Escrito por":"admin","Est. tempo de leitura":"6 minutos"},"schema":{"@context":"https:\/\/schema.org","@graph":[{"@type":"Article","@id":"https:\/\/www.ffetiquetas.com.br\/blog\/2026\/02\/19\/etiquetas-de-produtos-personalizadas-peca-direto-da-fabrica\/#article","isPartOf":{"@id":"https:\/\/www.ffetiquetas.com.br\/blog\/2026\/02\/19\/etiquetas-de-produtos-personalizadas-peca-direto-da-fabrica\/"},"author":{"name":"admin","@id":"https:\/\/www.ffetiquetas.com.br\/blog\/#\/schema\/person\/40702d9805d9211a8f1d0930f1bcb12c"},"headline":"Etiquetas de produtos personalizadas: pe\u00e7a direto da f\u00e1brica","datePublished":"2026-02-19T18:45:58+00:00","dateModified":"2026-02-19T18:46:53+00:00","mainEntityOfPage":{"@id":"https:\/\/www.ffetiquetas.com.br\/blog\/2026\/02\/19\/etiquetas-de-produtos-personalizadas-peca-direto-da-fabrica\/"},"wordCount":1049,"commentCount":0,"publisher":{"@id":"https:\/\/www.ffetiquetas.com.br\/blog\/#organization"},"image":{"@id":"https:\/\/www.ffetiquetas.com.br\/blog\/2026\/02\/19\/etiquetas-de-produtos-personalizadas-peca-direto-da-fabrica\/#primaryimage"},"thumbnailUrl":"https:\/\/www.ffetiquetas.com.br\/blog\/wp-content\/uploads\/2026\/02\/etiqueta-2.png","keywords":["como escolher etiquetas de produtos?","como personalizar etiquetas de roupas?","empresa de etiquetas de produtos","etiquetas adesivas","etiquetas ajudam no branding?","etiquetas com impress\u00e3o personalizada?","etiquetas de identifica\u00e7\u00e3o","Etiquetas de metal","etiquetas de produtos","etiquetas de produtos comprar","etiquetas de produtos em Barueri","etiquetas de produtos em Carapicu\u00edba","etiquetas de produtos em Cotia","etiquetas de produtos em Diadema","etiquetas de produtos em Guarulhos","etiquetas de produtos em Itapevi","etiquetas de produtos em Jandira","etiquetas de produtos em Osasco","etiquetas de produtos em promo\u00e7\u00e3o","etiquetas de produtos em Santana de Parna\u00edba","etiquetas de produtos em Santo Andr\u00e9","etiquetas de produtos em S\u00e3o Bernardo","etiquetas de produtos em S\u00e3o Caetano","etiquetas de produtos em s\u00e3o paulo","etiquetas de produtos em sp","etiquetas de produtos na zona leste","etiquetas de produtos na zona norte","etiquetas de produtos na zona oeste","etiquetas de produtos na zona sul","etiquetas de produtos no ABC","etiquetas de produtos no centro","etiquetas de produtos onde encontrar","etiquetas de produtos personalizadas","etiquetas de produtos perto de mim","etiquetas de produtos pre\u00e7o","etiquetas de produtos pr\u00f3ximo a mim","Etiquetas de tecido","etiquetas de tecido ou vinil: qual escolher?","etiquetas de vinil","etiquetas diretas da f\u00e1brica","etiquetas F&amp;F s\u00e3o boas?","etiquetas industriais","etiquetas industriais s\u00e3o resistentes?","etiquetas para balan\u00e7as","etiquetas para cosm\u00e9ticos","etiquetas para lojas","etiquetas para roupas","Etiquetas para vestu\u00e1rio","etiquetas personalizadas aumentam as vendas?","etiquetas personalizadas F&amp;F Etiquetas","etiquetas personalizadas para pequenas empresas?","Etiquetas sob medida","etiquetas t\u00e9rmicas","f\u00e1brica de etiquetas confi\u00e1vel?","f\u00e1brica de etiquetas de produtos","f\u00e1brica de etiquetas no Brasil","Fabrica\u00e7\u00e3o de etiquetas","fabricante de etiquetas","fabricante de etiquetas de produtos","loja de etiquetas de produtos","o que considerar ao fazer etiquetas sob medida?","o que s\u00e3o etiquetas de produtos personalizadas?","onde comprar etiquetas direto da fabrica","onde fazer etiquetas de alta qualidade?","quais os tipos de etiquetas personalizadas?","quais setores usam etiquetas personalizadas?","qual o melhor material para etiquetas de produtos?","qual o prazo de produ\u00e7\u00e3o de etiquetas?","quanto custa uma etiqueta personalizada?","quem fabrica etiquetas de produtos?","R\u00f3tulos personalizados"],"articleSection":["Etiquetas"],"inLanguage":"pt-BR","potentialAction":[{"@type":"CommentAction","name":"Comment","target":["https:\/\/www.ffetiquetas.com.br\/blog\/2026\/02\/19\/etiquetas-de-produtos-personalizadas-peca-direto-da-fabrica\/#respond"]}]},{"@type":"WebPage","@id":"https:\/\/www.ffetiquetas.com.br\/blog\/2026\/02\/19\/etiquetas-de-produtos-personalizadas-peca-direto-da-fabrica\/","url":"https:\/\/www.ffetiquetas.com.br\/blog\/2026\/02\/19\/etiquetas-de-produtos-personalizadas-peca-direto-da-fabrica\/","name":"Etiquetas de produtos personalizadas: pe\u00e7a direto da f\u00e1brica - Blog | F&amp;F Etiquetas","isPartOf":{"@id":"https:\/\/www.ffetiquetas.com.br\/blog\/#website"},"primaryImageOfPage":{"@id":"https:\/\/www.ffetiquetas.com.br\/blog\/2026\/02\/19\/etiquetas-de-produtos-personalizadas-peca-direto-da-fabrica\/#primaryimage"},"image":{"@id":"https:\/\/www.ffetiquetas.com.br\/blog\/2026\/02\/19\/etiquetas-de-produtos-personalizadas-peca-direto-da-fabrica\/#primaryimage"},"thumbnailUrl":"https:\/\/www.ffetiquetas.com.br\/blog\/wp-content\/uploads\/2026\/02\/etiqueta-2.png","datePublished":"2026-02-19T18:45:58+00:00","dateModified":"2026-02-19T18:46:53+00:00","description":"Descubra como as etiquetas de produtos personalizadas valorizam sua marca e conhe\u00e7a os modelos diretos da f\u00e1brica F&F Etiquetas.","breadcrumb":{"@id":"https:\/\/www.ffetiquetas.com.br\/blog\/2026\/02\/19\/etiquetas-de-produtos-personalizadas-peca-direto-da-fabrica\/#breadcrumb"},"inLanguage":"pt-BR","potentialAction":[{"@type":"ReadAction","target":["https:\/\/www.ffetiquetas.com.br\/blog\/2026\/02\/19\/etiquetas-de-produtos-personalizadas-peca-direto-da-fabrica\/"]}]},{"@type":"ImageObject","inLanguage":"pt-BR","@id":"https:\/\/www.ffetiquetas.com.br\/blog\/2026\/02\/19\/etiquetas-de-produtos-personalizadas-peca-direto-da-fabrica\/#primaryimage","url":"https:\/\/www.ffetiquetas.com.br\/blog\/wp-content\/uploads\/2026\/02\/etiqueta-2.png","contentUrl":"https:\/\/www.ffetiquetas.com.br\/blog\/wp-content\/uploads\/2026\/02\/etiqueta-2.png","width":590,"height":299,"caption":"Etiquetas de produtos personalizadas: pe\u00e7a direto da f\u00e1brica"},{"@type":"BreadcrumbList","@id":"https:\/\/www.ffetiquetas.com.br\/blog\/2026\/02\/19\/etiquetas-de-produtos-personalizadas-peca-direto-da-fabrica\/#breadcrumb","itemListElement":[{"@type":"ListItem","position":1,"name":"In\u00edcio","item":"https:\/\/www.ffetiquetas.com.br\/blog\/"},{"@type":"ListItem","position":2,"name":"Etiquetas de produtos personalizadas: pe\u00e7a direto da f\u00e1brica"}]},{"@type":"WebSite","@id":"https:\/\/www.ffetiquetas.com.br\/blog\/#website","url":"https:\/\/www.ffetiquetas.com.br\/blog\/","name":"Blog | F&amp;F Etiquetas","description":"","publisher":{"@id":"https:\/\/www.ffetiquetas.com.br\/blog\/#organization"},"potentialAction":[{"@type":"SearchAction","target":{"@type":"EntryPoint","urlTemplate":"https:\/\/www.ffetiquetas.com.br\/blog\/?s={search_term_string}"},"query-input":"required name=search_term_string"}],"inLanguage":"pt-BR"},{"@type":"Organization","@id":"https:\/\/www.ffetiquetas.com.br\/blog\/#organization","name":"Blog | F&amp;F Etiquetas","url":"https:\/\/www.ffetiquetas.com.br\/blog\/","logo":{"@type":"ImageObject","inLanguage":"pt-BR","@id":"https:\/\/www.ffetiquetas.com.br\/blog\/#\/schema\/logo\/image\/","url":"https:\/\/www.ffetiquetas.com.br\/blog\/wp-content\/uploads\/2024\/07\/logo-1-2.png","contentUrl":"https:\/\/www.ffetiquetas.com.br\/blog\/wp-content\/uploads\/2024\/07\/logo-1-2.png","width":820,"height":200,"caption":"Blog | F&amp;F Etiquetas"},"image":{"@id":"https:\/\/www.ffetiquetas.com.br\/blog\/#\/schema\/logo\/image\/"}},{"@type":"Person","@id":"https:\/\/www.ffetiquetas.com.br\/blog\/#\/schema\/person\/40702d9805d9211a8f1d0930f1bcb12c","name":"admin","image":{"@type":"ImageObject","inLanguage":"pt-BR","@id":"https:\/\/www.ffetiquetas.com.br\/blog\/#\/schema\/person\/image\/","url":"https:\/\/secure.gravatar.com\/avatar\/ccfb0e0ad48eefce3b7df49741ce4d74febe9fac574a1e3e08da5d2e920f0105?s=96&d=mm&r=g","contentUrl":"https:\/\/secure.gravatar.com\/avatar\/ccfb0e0ad48eefce3b7df49741ce4d74febe9fac574a1e3e08da5d2e920f0105?s=96&d=mm&r=g","caption":"admin"},"sameAs":["https:\/\/ffetiquetas.com.br\/blog"],"url":"https:\/\/www.ffetiquetas.com.br\/blog\/author\/admin\/"}]}},"_links":{"self":[{"href":"https:\/\/www.ffetiquetas.com.br\/blog\/wp-json\/wp\/v2\/posts\/3284","targetHints":{"allow":["GET"]}}],"collection":[{"href":"https:\/\/www.ffetiquetas.com.br\/blog\/wp-json\/wp\/v2\/posts"}],"about":[{"href":"https:\/\/www.ffetiquetas.com.br\/blog\/wp-json\/wp\/v2\/types\/post"}],"author":[{"embeddable":true,"href":"https:\/\/www.ffetiquetas.com.br\/blog\/wp-json\/wp\/v2\/users\/1"}],"replies":[{"embeddable":true,"href":"https:\/\/www.ffetiquetas.com.br\/blog\/wp-json\/wp\/v2\/comments?post=3284"}],"version-history":[{"count":1,"href":"https:\/\/www.ffetiquetas.com.br\/blog\/wp-json\/wp\/v2\/posts\/3284\/revisions"}],"predecessor-version":[{"id":3287,"href":"https:\/\/www.ffetiquetas.com.br\/blog\/wp-json\/wp\/v2\/posts\/3284\/revisions\/3287"}],"wp:featuredmedia":[{"embeddable":true,"href":"https:\/\/www.ffetiquetas.com.br\/blog\/wp-json\/wp\/v2\/media\/3285"}],"wp:attachment":[{"href":"https:\/\/www.ffetiquetas.com.br\/blog\/wp-json\/wp\/v2\/media?parent=3284"}],"wp:term":[{"taxonomy":"category","embeddable":true,"href":"https:\/\/www.ffetiquetas.com.br\/blog\/wp-json\/wp\/v2\/categories?post=3284"},{"taxonomy":"post_tag","embeddable":true,"href":"https:\/\/www.ffetiquetas.com.br\/blog\/wp-json\/wp\/v2\/tags?post=3284"}],"curies":[{"name":"wp","href":"https:\/\/api.w.org\/{rel}","templated":true}]}}