{"id":3084,"date":"2025-05-29T16:40:40","date_gmt":"2025-05-29T19:40:40","guid":{"rendered":"https:\/\/www.ffetiquetas.com.br\/blog\/?p=3084"},"modified":"2025-05-29T16:42:45","modified_gmt":"2025-05-29T19:42:45","slug":"etiquetas-adesivas-personalizadas-para-empresas-solucao-inteligente-para-personalizacao-e-identidade-visual","status":"publish","type":"post","link":"https:\/\/www.ffetiquetas.com.br\/blog\/2025\/05\/29\/etiquetas-adesivas-personalizadas-para-empresas-solucao-inteligente-para-personalizacao-e-identidade-visual\/","title":{"rendered":"Etiquetas adesivas personalizadas para empresas: solu\u00e7\u00e3o inteligente para personaliza\u00e7\u00e3o e identidade visual"},"content":{"rendered":"\n<p><strong><em>Saiba como etiquetas adesivas personalizadas para empresas impulsionam identidade e organiza\u00e7\u00e3o. Conhe\u00e7a a F&amp;F, refer\u00eancia no mercado!<\/em><\/strong><\/p>\n\n\n\n<p>As etiquetas adesivas personalizadas para empresas s\u00e3o ferramentas estrat\u00e9gicas que unem comunica\u00e7\u00e3o visual, identidade de marca e organiza\u00e7\u00e3o. Logo no primeiro contato com o produto, elas s\u00e3o capazes de transmitir profissionalismo, padr\u00e3o de qualidade e comprometimento com a experi\u00eancia do consumidor.<\/p>\n\n\n\n<p>Seja no varejo, na ind\u00fastria ou em processos log\u00edsticos, essas etiquetas s\u00e3o muito mais do que simples adesivos. Elas ajudam na rastreabilidade, na organiza\u00e7\u00e3o de estoques, no controle interno e na comunica\u00e7\u00e3o visual dos produtos.<\/p>\n\n\n\n<p>A marca que opta pela personaliza\u00e7\u00e3o de etiquetas consegue, de forma direta, agregar valor \u00e0 experi\u00eancia de compra e \u00e0 efici\u00eancia operacional. Mas o que exatamente elas fazem e onde podem ser aplicadas?<\/p>\n\n\n\n<div id=\"ez-toc-container\" class=\"ez-toc-v2_0_69_1 counter-hierarchy ez-toc-counter ez-toc-grey ez-toc-container-direction\">\n<div class=\"ez-toc-title-container\">\n<p class=\"ez-toc-title\" style=\"cursor:inherit\">O que abordaremos neste artigo:<\/p>\n<span class=\"ez-toc-title-toggle\"><a href=\"#\" class=\"ez-toc-pull-right ez-toc-btn ez-toc-btn-xs ez-toc-btn-default ez-toc-toggle\" aria-label=\"Toggle Table of Content\"><span class=\"ez-toc-js-icon-con\"><span class=\"\"><span class=\"eztoc-hide\" style=\"display:none;\">Toggle<\/span><span class=\"ez-toc-icon-toggle-span\"><svg style=\"fill: #999;color:#999\" xmlns=\"http:\/\/www.w3.org\/2000\/svg\" class=\"list-377408\" width=\"20px\" height=\"20px\" viewBox=\"0 0 24 24\" fill=\"none\"><path d=\"M6 6H4v2h2V6zm14 0H8v2h12V6zM4 11h2v2H4v-2zm16 0H8v2h12v-2zM4 16h2v2H4v-2zm16 0H8v2h12v-2z\" fill=\"currentColor\"><\/path><\/svg><svg style=\"fill: #999;color:#999\" class=\"arrow-unsorted-368013\" xmlns=\"http:\/\/www.w3.org\/2000\/svg\" width=\"10px\" height=\"10px\" viewBox=\"0 0 24 24\" version=\"1.2\" baseProfile=\"tiny\"><path d=\"M18.2 9.3l-6.2-6.3-6.2 6.3c-.2.2-.3.4-.3.7s.1.5.3.7c.2.2.4.3.7.3h11c.3 0 .5-.1.7-.3.2-.2.3-.5.3-.7s-.1-.5-.3-.7zM5.8 14.7l6.2 6.3 6.2-6.3c.2-.2.3-.5.3-.7s-.1-.5-.3-.7c-.2-.2-.4-.3-.7-.3h-11c-.3 0-.5.1-.7.3-.2.2-.3.5-.3.7s.1.5.3.7z\"\/><\/svg><\/span><\/span><\/span><\/a><\/span><\/div>\n<nav><ul class='ez-toc-list ez-toc-list-level-1 ' ><li class='ez-toc-page-1 ez-toc-heading-level-2'><a class=\"ez-toc-link ez-toc-heading-1\" href=\"https:\/\/www.ffetiquetas.com.br\/blog\/2025\/05\/29\/etiquetas-adesivas-personalizadas-para-empresas-solucao-inteligente-para-personalizacao-e-identidade-visual\/#Aplicacoes_das_etiquetas_adesivas_personalizadas\" title=\"Aplica\u00e7\u00f5es das etiquetas adesivas personalizadas\">Aplica\u00e7\u00f5es das etiquetas adesivas personalizadas<\/a><\/li><li class='ez-toc-page-1 ez-toc-heading-level-2'><a class=\"ez-toc-link ez-toc-heading-2\" href=\"https:\/\/www.ffetiquetas.com.br\/blog\/2025\/05\/29\/etiquetas-adesivas-personalizadas-para-empresas-solucao-inteligente-para-personalizacao-e-identidade-visual\/#Beneficios_do_investimento_em_etiquetas_personalizadas\" title=\"Benef\u00edcios do investimento em etiquetas personalizadas\">Benef\u00edcios do investimento em etiquetas personalizadas<\/a><\/li><li class='ez-toc-page-1 ez-toc-heading-level-2'><a class=\"ez-toc-link ez-toc-heading-3\" href=\"https:\/\/www.ffetiquetas.com.br\/blog\/2025\/05\/29\/etiquetas-adesivas-personalizadas-para-empresas-solucao-inteligente-para-personalizacao-e-identidade-visual\/#Onde_comprar_etiquetas_adesivas_personalizadas_para_empresas\" title=\"Onde comprar etiquetas adesivas personalizadas para empresas?\">Onde comprar etiquetas adesivas personalizadas para empresas?<\/a><ul class='ez-toc-list-level-3' ><li class='ez-toc-heading-level-3'><a class=\"ez-toc-link ez-toc-heading-4\" href=\"https:\/\/www.ffetiquetas.com.br\/blog\/2025\/05\/29\/etiquetas-adesivas-personalizadas-para-empresas-solucao-inteligente-para-personalizacao-e-identidade-visual\/#Conheca_a_F_F_Etiquetas\" title=\"Conhe\u00e7a a F&amp;F Etiquetas\">Conhe\u00e7a a F&amp;F Etiquetas<\/a><\/li><li class='ez-toc-page-1 ez-toc-heading-level-3'><a class=\"ez-toc-link ez-toc-heading-5\" href=\"https:\/\/www.ffetiquetas.com.br\/blog\/2025\/05\/29\/etiquetas-adesivas-personalizadas-para-empresas-solucao-inteligente-para-personalizacao-e-identidade-visual\/#Solicite_um_orcamento_com_a_F_F_Etiquetas\" title=\"Solicite um or\u00e7amento com a F&amp;F Etiquetas\">Solicite um or\u00e7amento com a F&amp;F Etiquetas<\/a><\/li><\/ul><\/li><\/ul><\/nav><\/div>\n<h2 class=\"wp-block-heading\"><span class=\"ez-toc-section\" id=\"Aplicacoes_das_etiquetas_adesivas_personalizadas\"><\/span>Aplica\u00e7\u00f5es das etiquetas adesivas personalizadas<span class=\"ez-toc-section-end\"><\/span><\/h2>\n\n\n\n<p>As etiquetas adesivas personalizadas para empresas atendem a uma ampla gama de necessidades. Elas est\u00e3o presentes em embalagens, produtos, documentos, sistemas de controle e invent\u00e1rios.<\/p>\n\n\n\n<p>No setor de vestu\u00e1rio, por exemplo, identificam tamanhos, composi\u00e7\u00f5es e c\u00f3digos internos. Em alimentos, informam validade, peso e ingredientes. Na ind\u00fastria, detalham n\u00famero de s\u00e9rie, lote, data de fabrica\u00e7\u00e3o. Em escrit\u00f3rios, facilitam o arquivamento e a organiza\u00e7\u00e3o de documentos.<\/p>\n\n\n\n<p>Al\u00e9m disso, essas etiquetas s\u00e3o comumente utilizadas em processos log\u00edsticos, como na identifica\u00e7\u00e3o de pallets, caixas e volumes para transporte. Com materiais e acabamentos diversos, podem ser resistentes \u00e0 umidade, calor ou frio, conforme o ambiente de aplica\u00e7\u00e3o.<\/p>\n\n\n\n<p>Modelos como etiquetas de tecido personalizadas, etiquetas de vinil personalizadas e etiquetas de metal personalizadas ampliam ainda mais o leque de aplica\u00e7\u00f5es, garantindo ader\u00eancia e durabilidade em contextos exigentes.<\/p>\n\n\n\n<ul class=\"wp-block-list\">\n<li><a href=\"https:\/\/www.ffetiquetas.com.br\/blog\/2025\/05\/16\/rotulos-para-produtos-de-limpeza-onde-comprar-com-seguranca\/\">R\u00f3tulos para produtos de limpeza: onde comprar com seguran\u00e7a<\/a><\/li>\n<\/ul>\n\n\n\n<h2 class=\"wp-block-heading\"><span class=\"ez-toc-section\" id=\"Beneficios_do_investimento_em_etiquetas_personalizadas\"><\/span>Benef\u00edcios do investimento em etiquetas personalizadas<span class=\"ez-toc-section-end\"><\/span><\/h2>\n\n\n\n<p>Ao investir em etiquetas adesivas personalizadas para empresas, o neg\u00f3cio obt\u00e9m ganhos diretos e mensur\u00e1veis. O primeiro \u00e9 a padroniza\u00e7\u00e3o. Produtos etiquetados com as mesmas informa\u00e7\u00f5es e identidade visual passam mais credibilidade e organizam o processo de ponta a ponta.<\/p>\n\n\n<div class=\"wp-block-image\">\n<figure class=\"alignright size-full is-resized\"><img loading=\"lazy\" decoding=\"async\" width=\"607\" height=\"505\" src=\"https:\/\/www.ffetiquetas.com.br\/blog\/wp-content\/uploads\/2025\/05\/capa-rotulo-alimento-2.png\" alt=\"Etiquetas adesivas personalizadas para empresas: solu\u00e7\u00e3o inteligente para personaliza\u00e7\u00e3o e identidade visual\n\" class=\"wp-image-3076\" style=\"width:275px;height:auto\" srcset=\"https:\/\/www.ffetiquetas.com.br\/blog\/wp-content\/uploads\/2025\/05\/capa-rotulo-alimento-2.png 607w, https:\/\/www.ffetiquetas.com.br\/blog\/wp-content\/uploads\/2025\/05\/capa-rotulo-alimento-2-300x250.png 300w, https:\/\/www.ffetiquetas.com.br\/blog\/wp-content\/uploads\/2025\/05\/capa-rotulo-alimento-2-72x60.png 72w\" sizes=\"auto, (max-width: 607px) 100vw, 607px\" \/><\/figure>\n<\/div>\n\n\n<p>O segundo \u00e9 o ganho operacional. <strong>As etiquetas auxiliam na automa\u00e7\u00e3o de sistemas, integrando informa\u00e7\u00f5es de produtos ao ERP da empresa ou a sistemas de gest\u00e3o de estoque<\/strong>. Isso facilita o rastreamento e evita erros log\u00edsticos.<\/p>\n\n\n\n<p>Outro ponto relevante \u00e9 a personaliza\u00e7\u00e3o como ferramenta de marketing. A marca que utiliza etiquetas com identidade visual, cores e logotipo refor\u00e7a sua presen\u00e7a no mercado e comunica seu diferencial.<\/p>\n\n\n\n<p>A personaliza\u00e7\u00e3o permite tamb\u00e9m ajustes como verniz, lamina\u00e7\u00e3o, tinta branca, dados vari\u00e1veis e diversos tipos de corte e entrega (em bobinas, folhas ou unidades).<\/p>\n\n\n\n<h2 class=\"wp-block-heading\"><span class=\"ez-toc-section\" id=\"Onde_comprar_etiquetas_adesivas_personalizadas_para_empresas\"><\/span>Onde comprar etiquetas adesivas personalizadas para empresas?<span class=\"ez-toc-section-end\"><\/span><\/h2>\n\n\n\n<p>A escolha do fornecedor \u00e9 determinante para o sucesso da aplica\u00e7\u00e3o. Um bom parceiro entrega qualidade gr\u00e1fica, cumprimento de prazos e suporte t\u00e9cnico para escolher o melhor tipo de etiqueta.<\/p>\n\n\n\n<p>A F&amp;F Etiquetas \u00e9 a fornecedora ideal para quem busca confiabilidade, escala e personaliza\u00e7\u00e3o. Homologada em <strong>mais de 110 grandes redes varejistas e com experi\u00eancia de mais de 25 anos<\/strong>, a marca \u00e9 refer\u00eancia em solu\u00e7\u00f5es gr\u00e1ficas para o mercado.<\/p>\n\n\n\n<ul class=\"wp-block-list\">\n<li><a href=\"https:\/\/www.ffetiquetas.com.br\/blog\/2025\/05\/14\/rotulos-adesivos-personalizados-em-sao-paulo-conheca-os-lideres-do-setor\/\">R\u00f3tulos adesivos personalizados em S\u00e3o Paulo: conhe\u00e7a os l\u00edderes do setor<\/a><\/li>\n<\/ul>\n\n\n\n<h3 class=\"wp-block-heading\"><span class=\"ez-toc-section\" id=\"Conheca_a_F_F_Etiquetas\"><\/span>Conhe\u00e7a a F&amp;F Etiquetas<span class=\"ez-toc-section-end\"><\/span><\/h3>\n\n\n\n<p>Fundada em 1994, a <a href=\"https:\/\/www.ffetiquetas.com.br\/quem-somos\/\">F&amp;F<\/a> come\u00e7ou como bureau de impress\u00e3o e rapidamente se destacou pela qualidade e compromisso.<\/p>\n\n\n\n<p>Al\u00e9m de produzir etiquetas para roupas, etiquetas para lojas, tags e r\u00f3tulos personalizados, hoje tamb\u00e9m fabrica bobinas t\u00e9rmicas para REP e ECF, etiquetas t\u00e9rmicas para balan\u00e7as e etiquetas em branco.<\/p>\n\n\n\n<p>Com <strong>infraestrutura robusta, tecnologia atualizada e equipe qualificada<\/strong>, a empresa garante entregas r\u00e1pidas, suporte especializado e personaliza\u00e7\u00e3o total, mesmo em grandes volumes. A verticaliza\u00e7\u00e3o da produ\u00e7\u00e3o permite controle de custos e flexibilidade.<\/p>\n\n\n\n<p>A <a href=\"https:\/\/www.ffetiquetas.com.br\/quem-somos\/\">F&amp;F<\/a> tamb\u00e9m exporta para outros pa\u00edses, evidenciando sua capacidade t\u00e9cnica e confiabilidade.<\/p>\n\n\n\n<h3 class=\"wp-block-heading\"><span class=\"ez-toc-section\" id=\"Solicite_um_orcamento_com_a_F_F_Etiquetas\"><\/span><strong>Solicite um or\u00e7amento com a F&amp;F Etiquetas<\/strong><span class=\"ez-toc-section-end\"><\/span><\/h3>\n\n\n\n<p>Se a sua marca precisa de etiquetas adesivas personalizadas para empresas que realmente funcionem, o pr\u00f3ximo passo \u00e9 simples: <a href=\"https:\/\/www.ffetiquetas.com.br\/contato\/\">entre em contato<\/a> com a F&amp;F Etiquetas.<\/p>\n\n\n\n<p>Seja para grande ou pequena escala, para produtos t\u00e9xteis, aliment\u00edcios, log\u00edsticos ou eletr\u00f4nicos, o time est\u00e1 pronto para indicar a solu\u00e7\u00e3o mais eficaz, personalizada e com excelente custo-benef\u00edcio.<\/p>\n\n\n\n<p>Solicite seu or\u00e7amento e garanta etiquetas que agregam valor ao seu produto e otimizam os processos internos do seu neg\u00f3cio.<\/p>\n\n\n\n<ul class=\"wp-block-list\">\n<li><a href=\"https:\/\/www.ffetiquetas.com.br\/blog\/2025\/05\/14\/comprar-rotulos-de-produtos-automotivos-com-qualidade-e-seguranca\/\">Comprar r\u00f3tulos de produtos automotivos com qualidade e seguran\u00e7a<\/a><\/li>\n<\/ul>\n\n\n\n<p><\/p>\n","protected":false},"excerpt":{"rendered":"<p>Saiba como etiquetas adesivas personalizadas para empresas impulsionam identidade e organiza\u00e7\u00e3o. Conhe\u00e7a a F&amp;F, refer\u00eancia no mercado! As etiquetas adesivas personalizadas para empresas s\u00e3o ferramentas estrat\u00e9gicas que unem comunica\u00e7\u00e3o visual, identidade de marca e organiza\u00e7\u00e3o. Logo no primeiro contato com o produto, elas s\u00e3o capazes de transmitir profissionalismo, padr\u00e3o de qualidade e comprometimento com a &hellip; <\/p>\n","protected":false},"author":1,"featured_media":3025,"comment_status":"open","ping_status":"open","sticky":false,"template":"","format":"standard","meta":{"footnotes":""},"categories":[1994],"tags":[2007,1999,2001,2000,511,2006,1996,2005,1995,2004,2002,1997,518,512,2008,374,2003,522,1998,531],"class_list":["post-3084","post","type-post","status-publish","format-standard","has-post-thumbnail","hentry","category-adesivas-personalizadas","tag-empresa-de-etiquetas-adesivas","tag-etiquetas-adesivas-com-design-exclusivo","tag-etiquetas-adesivas-com-logo","tag-etiquetas-adesivas-empresariais","tag-etiquetas-adesivas-personalizadas","tag-etiquetas-adesivas-sob-medida","tag-etiquetas-com-logotipo","tag-etiquetas-para-embalagens-comerciais","tag-etiquetas-para-identidade-visual","tag-etiquetas-para-marketing-de-produto","tag-etiquetas-para-produtos-personalizados","tag-etiquetas-personalizadas-com-marca","tag-etiquetas-personalizadas-para-embalagens","tag-etiquetas-personalizadas-para-empresas","tag-etiquetas-promocionais-personalizadas","tag-fornecedor-de-etiquetas-personalizadas","tag-identidade-visual-com-etiquetas","tag-impressao-de-etiquetas-personalizadas","tag-onde-fazer-etiquetas-adesivas-personalizadas","tag-personalizacao-de-etiquetas-adesivas","latest_post"],"yoast_head":"<!-- This site is optimized with the Yoast SEO plugin v23.0 - https:\/\/yoast.com\/wordpress\/plugins\/seo\/ -->\n<title>Etiquetas adesivas personalizadas para empresas que buscam impacto<\/title>\n<meta name=\"description\" content=\"Saiba como etiquetas adesivas personalizadas para empresas impulsionam identidade e organiza\u00e7\u00e3o. Conhe\u00e7a a F&amp;F, refer\u00eancia no mercado!\" \/>\n<meta name=\"robots\" content=\"index, follow, max-snippet:-1, max-image-preview:large, max-video-preview:-1\" \/>\n<link rel=\"canonical\" href=\"https:\/\/www.ffetiquetas.com.br\/blog\/2025\/05\/29\/etiquetas-adesivas-personalizadas-para-empresas-solucao-inteligente-para-personalizacao-e-identidade-visual\/\" \/>\n<meta property=\"og:locale\" content=\"pt_BR\" \/>\n<meta property=\"og:type\" content=\"article\" \/>\n<meta property=\"og:title\" content=\"Etiquetas adesivas personalizadas para empresas que buscam impacto\" \/>\n<meta property=\"og:description\" content=\"Saiba como etiquetas adesivas personalizadas para empresas impulsionam identidade e organiza\u00e7\u00e3o. Conhe\u00e7a a F&amp;F, refer\u00eancia no mercado!\" \/>\n<meta property=\"og:url\" content=\"https:\/\/www.ffetiquetas.com.br\/blog\/2025\/05\/29\/etiquetas-adesivas-personalizadas-para-empresas-solucao-inteligente-para-personalizacao-e-identidade-visual\/\" \/>\n<meta property=\"og:site_name\" content=\"Blog | F&amp;F Etiquetas\" \/>\n<meta property=\"article:published_time\" content=\"2025-05-29T19:40:40+00:00\" \/>\n<meta property=\"article:modified_time\" content=\"2025-05-29T19:42:45+00:00\" \/>\n<meta property=\"og:image\" content=\"https:\/\/www.ffetiquetas.com.br\/blog\/wp-content\/uploads\/2025\/03\/rotulos-higiene-e-cosmeticos-3.webp\" \/>\n\t<meta property=\"og:image:width\" content=\"768\" \/>\n\t<meta property=\"og:image:height\" content=\"625\" \/>\n\t<meta property=\"og:image:type\" content=\"image\/webp\" \/>\n<meta name=\"author\" content=\"admin\" \/>\n<meta name=\"twitter:card\" content=\"summary_large_image\" \/>\n<meta name=\"twitter:label1\" content=\"Escrito por\" \/>\n\t<meta name=\"twitter:data1\" content=\"admin\" \/>\n\t<meta name=\"twitter:label2\" content=\"Est. tempo de leitura\" \/>\n\t<meta name=\"twitter:data2\" content=\"5 minutos\" \/>\n<script type=\"application\/ld+json\" class=\"yoast-schema-graph\">{\"@context\":\"https:\/\/schema.org\",\"@graph\":[{\"@type\":\"Article\",\"@id\":\"https:\/\/www.ffetiquetas.com.br\/blog\/2025\/05\/29\/etiquetas-adesivas-personalizadas-para-empresas-solucao-inteligente-para-personalizacao-e-identidade-visual\/#article\",\"isPartOf\":{\"@id\":\"https:\/\/www.ffetiquetas.com.br\/blog\/2025\/05\/29\/etiquetas-adesivas-personalizadas-para-empresas-solucao-inteligente-para-personalizacao-e-identidade-visual\/\"},\"author\":{\"name\":\"admin\",\"@id\":\"https:\/\/www.ffetiquetas.com.br\/blog\/#\/schema\/person\/40702d9805d9211a8f1d0930f1bcb12c\"},\"headline\":\"Etiquetas adesivas personalizadas para empresas: solu\u00e7\u00e3o inteligente para personaliza\u00e7\u00e3o e identidade visual\",\"datePublished\":\"2025-05-29T19:40:40+00:00\",\"dateModified\":\"2025-05-29T19:42:45+00:00\",\"mainEntityOfPage\":{\"@id\":\"https:\/\/www.ffetiquetas.com.br\/blog\/2025\/05\/29\/etiquetas-adesivas-personalizadas-para-empresas-solucao-inteligente-para-personalizacao-e-identidade-visual\/\"},\"wordCount\":793,\"commentCount\":0,\"publisher\":{\"@id\":\"https:\/\/www.ffetiquetas.com.br\/blog\/#organization\"},\"image\":{\"@id\":\"https:\/\/www.ffetiquetas.com.br\/blog\/2025\/05\/29\/etiquetas-adesivas-personalizadas-para-empresas-solucao-inteligente-para-personalizacao-e-identidade-visual\/#primaryimage\"},\"thumbnailUrl\":\"https:\/\/www.ffetiquetas.com.br\/blog\/wp-content\/uploads\/2025\/03\/rotulos-higiene-e-cosmeticos-3.webp\",\"keywords\":[\"empresa de etiquetas adesivas\",\"etiquetas adesivas com design exclusivo\",\"etiquetas adesivas com logo\",\"etiquetas adesivas empresariais\",\"Etiquetas adesivas personalizadas\",\"etiquetas adesivas sob medida\",\"etiquetas com logotipo\",\"etiquetas para embalagens comerciais\",\"etiquetas para identidade visual\",\"etiquetas para marketing de produto\",\"etiquetas para produtos personalizados\",\"etiquetas personalizadas com marca\",\"Etiquetas personalizadas para embalagens\",\"Etiquetas personalizadas para empresas\",\"etiquetas promocionais personalizadas\",\"Fornecedor de etiquetas personalizadas\",\"identidade visual com etiquetas\",\"Impress\u00e3o de etiquetas personalizadas\",\"onde fazer etiquetas adesivas personalizadas\",\"Personaliza\u00e7\u00e3o de etiquetas adesivas\"],\"articleSection\":[\"adesivas personalizadas\"],\"inLanguage\":\"pt-BR\",\"potentialAction\":[{\"@type\":\"CommentAction\",\"name\":\"Comment\",\"target\":[\"https:\/\/www.ffetiquetas.com.br\/blog\/2025\/05\/29\/etiquetas-adesivas-personalizadas-para-empresas-solucao-inteligente-para-personalizacao-e-identidade-visual\/#respond\"]}]},{\"@type\":\"WebPage\",\"@id\":\"https:\/\/www.ffetiquetas.com.br\/blog\/2025\/05\/29\/etiquetas-adesivas-personalizadas-para-empresas-solucao-inteligente-para-personalizacao-e-identidade-visual\/\",\"url\":\"https:\/\/www.ffetiquetas.com.br\/blog\/2025\/05\/29\/etiquetas-adesivas-personalizadas-para-empresas-solucao-inteligente-para-personalizacao-e-identidade-visual\/\",\"name\":\"Etiquetas adesivas personalizadas para empresas que buscam impacto\",\"isPartOf\":{\"@id\":\"https:\/\/www.ffetiquetas.com.br\/blog\/#website\"},\"primaryImageOfPage\":{\"@id\":\"https:\/\/www.ffetiquetas.com.br\/blog\/2025\/05\/29\/etiquetas-adesivas-personalizadas-para-empresas-solucao-inteligente-para-personalizacao-e-identidade-visual\/#primaryimage\"},\"image\":{\"@id\":\"https:\/\/www.ffetiquetas.com.br\/blog\/2025\/05\/29\/etiquetas-adesivas-personalizadas-para-empresas-solucao-inteligente-para-personalizacao-e-identidade-visual\/#primaryimage\"},\"thumbnailUrl\":\"https:\/\/www.ffetiquetas.com.br\/blog\/wp-content\/uploads\/2025\/03\/rotulos-higiene-e-cosmeticos-3.webp\",\"datePublished\":\"2025-05-29T19:40:40+00:00\",\"dateModified\":\"2025-05-29T19:42:45+00:00\",\"description\":\"Saiba como etiquetas adesivas personalizadas para empresas impulsionam identidade e organiza\u00e7\u00e3o. Conhe\u00e7a a F&F, refer\u00eancia no mercado!\",\"breadcrumb\":{\"@id\":\"https:\/\/www.ffetiquetas.com.br\/blog\/2025\/05\/29\/etiquetas-adesivas-personalizadas-para-empresas-solucao-inteligente-para-personalizacao-e-identidade-visual\/#breadcrumb\"},\"inLanguage\":\"pt-BR\",\"potentialAction\":[{\"@type\":\"ReadAction\",\"target\":[\"https:\/\/www.ffetiquetas.com.br\/blog\/2025\/05\/29\/etiquetas-adesivas-personalizadas-para-empresas-solucao-inteligente-para-personalizacao-e-identidade-visual\/\"]}]},{\"@type\":\"ImageObject\",\"inLanguage\":\"pt-BR\",\"@id\":\"https:\/\/www.ffetiquetas.com.br\/blog\/2025\/05\/29\/etiquetas-adesivas-personalizadas-para-empresas-solucao-inteligente-para-personalizacao-e-identidade-visual\/#primaryimage\",\"url\":\"https:\/\/www.ffetiquetas.com.br\/blog\/wp-content\/uploads\/2025\/03\/rotulos-higiene-e-cosmeticos-3.webp\",\"contentUrl\":\"https:\/\/www.ffetiquetas.com.br\/blog\/wp-content\/uploads\/2025\/03\/rotulos-higiene-e-cosmeticos-3.webp\",\"width\":768,\"height\":625,\"caption\":\"R\u00f3tulos personalizados para destacar sua marca \u00e9 na F&F Etiquetas!\"},{\"@type\":\"BreadcrumbList\",\"@id\":\"https:\/\/www.ffetiquetas.com.br\/blog\/2025\/05\/29\/etiquetas-adesivas-personalizadas-para-empresas-solucao-inteligente-para-personalizacao-e-identidade-visual\/#breadcrumb\",\"itemListElement\":[{\"@type\":\"ListItem\",\"position\":1,\"name\":\"In\u00edcio\",\"item\":\"https:\/\/www.ffetiquetas.com.br\/blog\/\"},{\"@type\":\"ListItem\",\"position\":2,\"name\":\"Etiquetas adesivas personalizadas para empresas: solu\u00e7\u00e3o inteligente para personaliza\u00e7\u00e3o e identidade visual\"}]},{\"@type\":\"WebSite\",\"@id\":\"https:\/\/www.ffetiquetas.com.br\/blog\/#website\",\"url\":\"https:\/\/www.ffetiquetas.com.br\/blog\/\",\"name\":\"Blog | F&amp;F Etiquetas\",\"description\":\"\",\"publisher\":{\"@id\":\"https:\/\/www.ffetiquetas.com.br\/blog\/#organization\"},\"potentialAction\":[{\"@type\":\"SearchAction\",\"target\":{\"@type\":\"EntryPoint\",\"urlTemplate\":\"https:\/\/www.ffetiquetas.com.br\/blog\/?s={search_term_string}\"},\"query-input\":\"required name=search_term_string\"}],\"inLanguage\":\"pt-BR\"},{\"@type\":\"Organization\",\"@id\":\"https:\/\/www.ffetiquetas.com.br\/blog\/#organization\",\"name\":\"Blog | F&amp;F Etiquetas\",\"url\":\"https:\/\/www.ffetiquetas.com.br\/blog\/\",\"logo\":{\"@type\":\"ImageObject\",\"inLanguage\":\"pt-BR\",\"@id\":\"https:\/\/www.ffetiquetas.com.br\/blog\/#\/schema\/logo\/image\/\",\"url\":\"https:\/\/www.ffetiquetas.com.br\/blog\/wp-content\/uploads\/2024\/07\/logo-1-2.png\",\"contentUrl\":\"https:\/\/www.ffetiquetas.com.br\/blog\/wp-content\/uploads\/2024\/07\/logo-1-2.png\",\"width\":820,\"height\":200,\"caption\":\"Blog | F&amp;F Etiquetas\"},\"image\":{\"@id\":\"https:\/\/www.ffetiquetas.com.br\/blog\/#\/schema\/logo\/image\/\"}},{\"@type\":\"Person\",\"@id\":\"https:\/\/www.ffetiquetas.com.br\/blog\/#\/schema\/person\/40702d9805d9211a8f1d0930f1bcb12c\",\"name\":\"admin\",\"image\":{\"@type\":\"ImageObject\",\"inLanguage\":\"pt-BR\",\"@id\":\"https:\/\/www.ffetiquetas.com.br\/blog\/#\/schema\/person\/image\/\",\"url\":\"https:\/\/secure.gravatar.com\/avatar\/ccfb0e0ad48eefce3b7df49741ce4d74febe9fac574a1e3e08da5d2e920f0105?s=96&d=mm&r=g\",\"contentUrl\":\"https:\/\/secure.gravatar.com\/avatar\/ccfb0e0ad48eefce3b7df49741ce4d74febe9fac574a1e3e08da5d2e920f0105?s=96&d=mm&r=g\",\"caption\":\"admin\"},\"sameAs\":[\"https:\/\/ffetiquetas.com.br\/blog\"],\"url\":\"https:\/\/www.ffetiquetas.com.br\/blog\/author\/admin\/\"}]}<\/script>\n<!-- \/ Yoast SEO plugin. -->","yoast_head_json":{"title":"Etiquetas adesivas personalizadas para empresas que buscam impacto","description":"Saiba como etiquetas adesivas personalizadas para empresas impulsionam identidade e organiza\u00e7\u00e3o. Conhe\u00e7a a F&F, refer\u00eancia no mercado!","robots":{"index":"index","follow":"follow","max-snippet":"max-snippet:-1","max-image-preview":"max-image-preview:large","max-video-preview":"max-video-preview:-1"},"canonical":"https:\/\/www.ffetiquetas.com.br\/blog\/2025\/05\/29\/etiquetas-adesivas-personalizadas-para-empresas-solucao-inteligente-para-personalizacao-e-identidade-visual\/","og_locale":"pt_BR","og_type":"article","og_title":"Etiquetas adesivas personalizadas para empresas que buscam impacto","og_description":"Saiba como etiquetas adesivas personalizadas para empresas impulsionam identidade e organiza\u00e7\u00e3o. Conhe\u00e7a a F&F, refer\u00eancia no mercado!","og_url":"https:\/\/www.ffetiquetas.com.br\/blog\/2025\/05\/29\/etiquetas-adesivas-personalizadas-para-empresas-solucao-inteligente-para-personalizacao-e-identidade-visual\/","og_site_name":"Blog | F&amp;F Etiquetas","article_published_time":"2025-05-29T19:40:40+00:00","article_modified_time":"2025-05-29T19:42:45+00:00","og_image":[{"width":768,"height":625,"url":"https:\/\/www.ffetiquetas.com.br\/blog\/wp-content\/uploads\/2025\/03\/rotulos-higiene-e-cosmeticos-3.webp","type":"image\/webp"}],"author":"admin","twitter_card":"summary_large_image","twitter_misc":{"Escrito por":"admin","Est. tempo de leitura":"5 minutos"},"schema":{"@context":"https:\/\/schema.org","@graph":[{"@type":"Article","@id":"https:\/\/www.ffetiquetas.com.br\/blog\/2025\/05\/29\/etiquetas-adesivas-personalizadas-para-empresas-solucao-inteligente-para-personalizacao-e-identidade-visual\/#article","isPartOf":{"@id":"https:\/\/www.ffetiquetas.com.br\/blog\/2025\/05\/29\/etiquetas-adesivas-personalizadas-para-empresas-solucao-inteligente-para-personalizacao-e-identidade-visual\/"},"author":{"name":"admin","@id":"https:\/\/www.ffetiquetas.com.br\/blog\/#\/schema\/person\/40702d9805d9211a8f1d0930f1bcb12c"},"headline":"Etiquetas adesivas personalizadas para empresas: solu\u00e7\u00e3o inteligente para personaliza\u00e7\u00e3o e identidade visual","datePublished":"2025-05-29T19:40:40+00:00","dateModified":"2025-05-29T19:42:45+00:00","mainEntityOfPage":{"@id":"https:\/\/www.ffetiquetas.com.br\/blog\/2025\/05\/29\/etiquetas-adesivas-personalizadas-para-empresas-solucao-inteligente-para-personalizacao-e-identidade-visual\/"},"wordCount":793,"commentCount":0,"publisher":{"@id":"https:\/\/www.ffetiquetas.com.br\/blog\/#organization"},"image":{"@id":"https:\/\/www.ffetiquetas.com.br\/blog\/2025\/05\/29\/etiquetas-adesivas-personalizadas-para-empresas-solucao-inteligente-para-personalizacao-e-identidade-visual\/#primaryimage"},"thumbnailUrl":"https:\/\/www.ffetiquetas.com.br\/blog\/wp-content\/uploads\/2025\/03\/rotulos-higiene-e-cosmeticos-3.webp","keywords":["empresa de etiquetas adesivas","etiquetas adesivas com design exclusivo","etiquetas adesivas com logo","etiquetas adesivas empresariais","Etiquetas adesivas personalizadas","etiquetas adesivas sob medida","etiquetas com logotipo","etiquetas para embalagens comerciais","etiquetas para identidade visual","etiquetas para marketing de produto","etiquetas para produtos personalizados","etiquetas personalizadas com marca","Etiquetas personalizadas para embalagens","Etiquetas personalizadas para empresas","etiquetas promocionais personalizadas","Fornecedor de etiquetas personalizadas","identidade visual com etiquetas","Impress\u00e3o de etiquetas personalizadas","onde fazer etiquetas adesivas personalizadas","Personaliza\u00e7\u00e3o de etiquetas adesivas"],"articleSection":["adesivas personalizadas"],"inLanguage":"pt-BR","potentialAction":[{"@type":"CommentAction","name":"Comment","target":["https:\/\/www.ffetiquetas.com.br\/blog\/2025\/05\/29\/etiquetas-adesivas-personalizadas-para-empresas-solucao-inteligente-para-personalizacao-e-identidade-visual\/#respond"]}]},{"@type":"WebPage","@id":"https:\/\/www.ffetiquetas.com.br\/blog\/2025\/05\/29\/etiquetas-adesivas-personalizadas-para-empresas-solucao-inteligente-para-personalizacao-e-identidade-visual\/","url":"https:\/\/www.ffetiquetas.com.br\/blog\/2025\/05\/29\/etiquetas-adesivas-personalizadas-para-empresas-solucao-inteligente-para-personalizacao-e-identidade-visual\/","name":"Etiquetas adesivas personalizadas para empresas que buscam impacto","isPartOf":{"@id":"https:\/\/www.ffetiquetas.com.br\/blog\/#website"},"primaryImageOfPage":{"@id":"https:\/\/www.ffetiquetas.com.br\/blog\/2025\/05\/29\/etiquetas-adesivas-personalizadas-para-empresas-solucao-inteligente-para-personalizacao-e-identidade-visual\/#primaryimage"},"image":{"@id":"https:\/\/www.ffetiquetas.com.br\/blog\/2025\/05\/29\/etiquetas-adesivas-personalizadas-para-empresas-solucao-inteligente-para-personalizacao-e-identidade-visual\/#primaryimage"},"thumbnailUrl":"https:\/\/www.ffetiquetas.com.br\/blog\/wp-content\/uploads\/2025\/03\/rotulos-higiene-e-cosmeticos-3.webp","datePublished":"2025-05-29T19:40:40+00:00","dateModified":"2025-05-29T19:42:45+00:00","description":"Saiba como etiquetas adesivas personalizadas para empresas impulsionam identidade e organiza\u00e7\u00e3o. Conhe\u00e7a a F&F, refer\u00eancia no mercado!","breadcrumb":{"@id":"https:\/\/www.ffetiquetas.com.br\/blog\/2025\/05\/29\/etiquetas-adesivas-personalizadas-para-empresas-solucao-inteligente-para-personalizacao-e-identidade-visual\/#breadcrumb"},"inLanguage":"pt-BR","potentialAction":[{"@type":"ReadAction","target":["https:\/\/www.ffetiquetas.com.br\/blog\/2025\/05\/29\/etiquetas-adesivas-personalizadas-para-empresas-solucao-inteligente-para-personalizacao-e-identidade-visual\/"]}]},{"@type":"ImageObject","inLanguage":"pt-BR","@id":"https:\/\/www.ffetiquetas.com.br\/blog\/2025\/05\/29\/etiquetas-adesivas-personalizadas-para-empresas-solucao-inteligente-para-personalizacao-e-identidade-visual\/#primaryimage","url":"https:\/\/www.ffetiquetas.com.br\/blog\/wp-content\/uploads\/2025\/03\/rotulos-higiene-e-cosmeticos-3.webp","contentUrl":"https:\/\/www.ffetiquetas.com.br\/blog\/wp-content\/uploads\/2025\/03\/rotulos-higiene-e-cosmeticos-3.webp","width":768,"height":625,"caption":"R\u00f3tulos personalizados para destacar sua marca \u00e9 na F&F Etiquetas!"},{"@type":"BreadcrumbList","@id":"https:\/\/www.ffetiquetas.com.br\/blog\/2025\/05\/29\/etiquetas-adesivas-personalizadas-para-empresas-solucao-inteligente-para-personalizacao-e-identidade-visual\/#breadcrumb","itemListElement":[{"@type":"ListItem","position":1,"name":"In\u00edcio","item":"https:\/\/www.ffetiquetas.com.br\/blog\/"},{"@type":"ListItem","position":2,"name":"Etiquetas adesivas personalizadas para empresas: solu\u00e7\u00e3o inteligente para personaliza\u00e7\u00e3o e identidade visual"}]},{"@type":"WebSite","@id":"https:\/\/www.ffetiquetas.com.br\/blog\/#website","url":"https:\/\/www.ffetiquetas.com.br\/blog\/","name":"Blog | F&amp;F Etiquetas","description":"","publisher":{"@id":"https:\/\/www.ffetiquetas.com.br\/blog\/#organization"},"potentialAction":[{"@type":"SearchAction","target":{"@type":"EntryPoint","urlTemplate":"https:\/\/www.ffetiquetas.com.br\/blog\/?s={search_term_string}"},"query-input":"required name=search_term_string"}],"inLanguage":"pt-BR"},{"@type":"Organization","@id":"https:\/\/www.ffetiquetas.com.br\/blog\/#organization","name":"Blog | F&amp;F Etiquetas","url":"https:\/\/www.ffetiquetas.com.br\/blog\/","logo":{"@type":"ImageObject","inLanguage":"pt-BR","@id":"https:\/\/www.ffetiquetas.com.br\/blog\/#\/schema\/logo\/image\/","url":"https:\/\/www.ffetiquetas.com.br\/blog\/wp-content\/uploads\/2024\/07\/logo-1-2.png","contentUrl":"https:\/\/www.ffetiquetas.com.br\/blog\/wp-content\/uploads\/2024\/07\/logo-1-2.png","width":820,"height":200,"caption":"Blog | F&amp;F Etiquetas"},"image":{"@id":"https:\/\/www.ffetiquetas.com.br\/blog\/#\/schema\/logo\/image\/"}},{"@type":"Person","@id":"https:\/\/www.ffetiquetas.com.br\/blog\/#\/schema\/person\/40702d9805d9211a8f1d0930f1bcb12c","name":"admin","image":{"@type":"ImageObject","inLanguage":"pt-BR","@id":"https:\/\/www.ffetiquetas.com.br\/blog\/#\/schema\/person\/image\/","url":"https:\/\/secure.gravatar.com\/avatar\/ccfb0e0ad48eefce3b7df49741ce4d74febe9fac574a1e3e08da5d2e920f0105?s=96&d=mm&r=g","contentUrl":"https:\/\/secure.gravatar.com\/avatar\/ccfb0e0ad48eefce3b7df49741ce4d74febe9fac574a1e3e08da5d2e920f0105?s=96&d=mm&r=g","caption":"admin"},"sameAs":["https:\/\/ffetiquetas.com.br\/blog"],"url":"https:\/\/www.ffetiquetas.com.br\/blog\/author\/admin\/"}]}},"_links":{"self":[{"href":"https:\/\/www.ffetiquetas.com.br\/blog\/wp-json\/wp\/v2\/posts\/3084","targetHints":{"allow":["GET"]}}],"collection":[{"href":"https:\/\/www.ffetiquetas.com.br\/blog\/wp-json\/wp\/v2\/posts"}],"about":[{"href":"https:\/\/www.ffetiquetas.com.br\/blog\/wp-json\/wp\/v2\/types\/post"}],"author":[{"embeddable":true,"href":"https:\/\/www.ffetiquetas.com.br\/blog\/wp-json\/wp\/v2\/users\/1"}],"replies":[{"embeddable":true,"href":"https:\/\/www.ffetiquetas.com.br\/blog\/wp-json\/wp\/v2\/comments?post=3084"}],"version-history":[{"count":1,"href":"https:\/\/www.ffetiquetas.com.br\/blog\/wp-json\/wp\/v2\/posts\/3084\/revisions"}],"predecessor-version":[{"id":3085,"href":"https:\/\/www.ffetiquetas.com.br\/blog\/wp-json\/wp\/v2\/posts\/3084\/revisions\/3085"}],"wp:featuredmedia":[{"embeddable":true,"href":"https:\/\/www.ffetiquetas.com.br\/blog\/wp-json\/wp\/v2\/media\/3025"}],"wp:attachment":[{"href":"https:\/\/www.ffetiquetas.com.br\/blog\/wp-json\/wp\/v2\/media?parent=3084"}],"wp:term":[{"taxonomy":"category","embeddable":true,"href":"https:\/\/www.ffetiquetas.com.br\/blog\/wp-json\/wp\/v2\/categories?post=3084"},{"taxonomy":"post_tag","embeddable":true,"href":"https:\/\/www.ffetiquetas.com.br\/blog\/wp-json\/wp\/v2\/tags?post=3084"}],"curies":[{"name":"wp","href":"https:\/\/api.w.org\/{rel}","templated":true}]}}