{"id":2944,"date":"2024-12-05T15:53:41","date_gmt":"2024-12-05T18:53:41","guid":{"rendered":"https:\/\/www.ffetiquetas.com.br\/blog\/?p=2944"},"modified":"2024-12-05T15:53:43","modified_gmt":"2024-12-05T18:53:43","slug":"personalizacao-de-etiquetas-agregue-valor-ao-seu-negocio","status":"publish","type":"post","link":"https:\/\/www.ffetiquetas.com.br\/blog\/2024\/12\/05\/personalizacao-de-etiquetas-agregue-valor-ao-seu-negocio\/","title":{"rendered":"Personaliza\u00e7\u00e3o de etiquetas: agregue valor ao seu neg\u00f3cio"},"content":{"rendered":"\n<p class=\"has-medium-font-size\"><strong><em>A personaliza\u00e7\u00e3o de etiquetas \u00e9 uma estrat\u00e9gia poderosa para agregar valor \u00e0 sua marca e produtos. Saiba mais sobre seus benef\u00edcios e onde realizar.<\/em><\/strong><\/p>\n\n\n\n<p>No mundo dos neg\u00f3cios, o sucesso n\u00e3o se resume apenas \u00e0 qualidade do produto, mas tamb\u00e9m \u00e0 forma como ele \u00e9 apresentado.&nbsp;<\/p>\n\n\n\n<p>A personaliza\u00e7\u00e3o de etiquetas \u00e9 uma das estrat\u00e9gias mais eficazes para agregar valor aos seus produtos e conquistar a confian\u00e7a do consumidor.&nbsp;<\/p>\n\n\n\n<p>Seja para um produto novo ou uma linha j\u00e1 consolidada, a etiqueta personalizada \u00e9 um pequeno detalhe que pode fazer uma grande diferen\u00e7a.&nbsp;<\/p>\n\n\n\n<p>Neste artigo, vamos explorar como funciona a personaliza\u00e7\u00e3o de etiquetas, os principais benef\u00edcios desse investimento e os fatores a serem considerados para garantir o sucesso dessa pr\u00e1tica no seu neg\u00f3cio.<\/p>\n\n\n\n<div id=\"ez-toc-container\" class=\"ez-toc-v2_0_69_1 counter-hierarchy ez-toc-counter ez-toc-grey ez-toc-container-direction\">\n<div class=\"ez-toc-title-container\">\n<p class=\"ez-toc-title\" style=\"cursor:inherit\">O que abordaremos neste artigo:<\/p>\n<span class=\"ez-toc-title-toggle\"><a href=\"#\" class=\"ez-toc-pull-right ez-toc-btn ez-toc-btn-xs ez-toc-btn-default ez-toc-toggle\" aria-label=\"Toggle Table of Content\"><span class=\"ez-toc-js-icon-con\"><span class=\"\"><span class=\"eztoc-hide\" style=\"display:none;\">Toggle<\/span><span class=\"ez-toc-icon-toggle-span\"><svg style=\"fill: #999;color:#999\" xmlns=\"http:\/\/www.w3.org\/2000\/svg\" class=\"list-377408\" width=\"20px\" height=\"20px\" viewBox=\"0 0 24 24\" fill=\"none\"><path d=\"M6 6H4v2h2V6zm14 0H8v2h12V6zM4 11h2v2H4v-2zm16 0H8v2h12v-2zM4 16h2v2H4v-2zm16 0H8v2h12v-2z\" fill=\"currentColor\"><\/path><\/svg><svg style=\"fill: #999;color:#999\" class=\"arrow-unsorted-368013\" xmlns=\"http:\/\/www.w3.org\/2000\/svg\" width=\"10px\" height=\"10px\" viewBox=\"0 0 24 24\" version=\"1.2\" baseProfile=\"tiny\"><path d=\"M18.2 9.3l-6.2-6.3-6.2 6.3c-.2.2-.3.4-.3.7s.1.5.3.7c.2.2.4.3.7.3h11c.3 0 .5-.1.7-.3.2-.2.3-.5.3-.7s-.1-.5-.3-.7zM5.8 14.7l6.2 6.3 6.2-6.3c.2-.2.3-.5.3-.7s-.1-.5-.3-.7c-.2-.2-.4-.3-.7-.3h-11c-.3 0-.5.1-.7.3-.2.2-.3.5-.3.7s.1.5.3.7z\"\/><\/svg><\/span><\/span><\/span><\/a><\/span><\/div>\n<nav><ul class='ez-toc-list ez-toc-list-level-1 ' ><li class='ez-toc-page-1 ez-toc-heading-level-2'><a class=\"ez-toc-link ez-toc-heading-1\" href=\"https:\/\/www.ffetiquetas.com.br\/blog\/2024\/12\/05\/personalizacao-de-etiquetas-agregue-valor-ao-seu-negocio\/#Como_funciona_a_personalizacao_de_etiquetas\" title=\"Como funciona a personaliza\u00e7\u00e3o de etiquetas\">Como funciona a personaliza\u00e7\u00e3o de etiquetas<\/a><\/li><li class='ez-toc-page-1 ez-toc-heading-level-2'><a class=\"ez-toc-link ez-toc-heading-2\" href=\"https:\/\/www.ffetiquetas.com.br\/blog\/2024\/12\/05\/personalizacao-de-etiquetas-agregue-valor-ao-seu-negocio\/#Beneficios_da_personalizacao_de_etiquetas\" title=\"Benef\u00edcios da personaliza\u00e7\u00e3o de etiquetas\">Benef\u00edcios da personaliza\u00e7\u00e3o de etiquetas<\/a><\/li><li class='ez-toc-page-1 ez-toc-heading-level-2'><a class=\"ez-toc-link ez-toc-heading-3\" href=\"https:\/\/www.ffetiquetas.com.br\/blog\/2024\/12\/05\/personalizacao-de-etiquetas-agregue-valor-ao-seu-negocio\/#O_impacto_da_personalizacao_de_etiquetas_no_seu_negocio\" title=\"O impacto da personaliza\u00e7\u00e3o de etiquetas no seu neg\u00f3cio\">O impacto da personaliza\u00e7\u00e3o de etiquetas no seu neg\u00f3cio<\/a><\/li><li class='ez-toc-page-1 ez-toc-heading-level-2'><a class=\"ez-toc-link ez-toc-heading-4\" href=\"https:\/\/www.ffetiquetas.com.br\/blog\/2024\/12\/05\/personalizacao-de-etiquetas-agregue-valor-ao-seu-negocio\/#Como_garantir_uma_etiqueta_personalizada_de_sucesso\" title=\"Como garantir uma etiqueta personalizada de sucesso\">Como garantir uma etiqueta personalizada de sucesso<\/a><\/li><li class='ez-toc-page-1 ez-toc-heading-level-2'><a class=\"ez-toc-link ez-toc-heading-5\" href=\"https:\/\/www.ffetiquetas.com.br\/blog\/2024\/12\/05\/personalizacao-de-etiquetas-agregue-valor-ao-seu-negocio\/#Aposte_na_personalizacao_de_etiquetas_da_F_F_Etiquetas\" title=\"Aposte na personaliza\u00e7\u00e3o de etiquetas da F&amp;F Etiquetas\">Aposte na personaliza\u00e7\u00e3o de etiquetas da F&amp;F Etiquetas<\/a><\/li><\/ul><\/nav><\/div>\n<h2 class=\"wp-block-heading\"><span class=\"ez-toc-section\" id=\"Como_funciona_a_personalizacao_de_etiquetas\"><\/span><strong>Como funciona a personaliza\u00e7\u00e3o de etiquetas<\/strong><span class=\"ez-toc-section-end\"><\/span><\/h2>\n\n\n\n<p>A personaliza\u00e7\u00e3o de etiquetas envolve criar r\u00f3tulos customizados que atendem \u00e0s necessidades espec\u00edficas de cada produto e marca.&nbsp;<\/p>\n\n\n\n<p>O primeiro passo \u00e9 <strong>definir a fun\u00e7\u00e3o da etiqueta<\/strong>: ser\u00e1 para identificar o produto, comunicar informa\u00e7\u00f5es ao consumidor ou destacar a marca?<\/p>\n\n\n\n<p>Em seguida, <strong>escolhe-se o design<\/strong>, incluindo o logotipo, cores e fontes, al\u00e9m do tipo de material e adesivo. O material deve ser resistente \u00e0s condi\u00e7\u00f5es a que o produto ser\u00e1 exposto, como umidade ou calor, e o adesivo precisa garantir fixa\u00e7\u00e3o sem danificar o produto.&nbsp;<\/p>\n\n\n\n<p>A personaliza\u00e7\u00e3o \u00e9, portanto, uma combina\u00e7\u00e3o de est\u00e9tica e funcionalidade, alinhada ao objetivo e \u00e0 identidade da marca.<\/p>\n\n\n\n<ul class=\"wp-block-list\">\n<li><a href=\"https:\/\/www.ffetiquetas.com.br\/blog\/2024\/11\/20\/eleve-sua-marca-onde-fazer-etiqueta-para-roupa-e-como-a-ff-pode-ajudar\/\">Eleve sua marca: onde fazer etiqueta para roupa e como a F&amp;F pode ajudar<\/a><\/li>\n<\/ul>\n\n\n\n<h2 class=\"wp-block-heading\"><span class=\"ez-toc-section\" id=\"Beneficios_da_personalizacao_de_etiquetas\"><\/span><strong>Benef\u00edcios da personaliza\u00e7\u00e3o de etiquetas<\/strong><span class=\"ez-toc-section-end\"><\/span><\/h2>\n\n\n\n<p>A personaliza\u00e7\u00e3o de etiquetas oferece diversos benef\u00edcios para o seu neg\u00f3cio:<\/p>\n\n\n\n<ul class=\"wp-block-list\">\n<li><strong>Fortalecimento da marca<\/strong>: As etiquetas refor\u00e7am a identidade visual e transmitem profissionalismo;<br><br><\/li>\n\n\n\n<li><strong>Diferencia\u00e7\u00e3o no mercado<\/strong>: Etiquetas criativas ajudam seu produto a se destacar entre a concorr\u00eancia;<br><br><\/li>\n\n\n\n<li><strong>Melhor comunica\u00e7\u00e3o com o consumidor<\/strong>: Informa\u00e7\u00f5es claras e acess\u00edveis aumentam a confian\u00e7a do cliente;<br><br><\/li>\n\n\n\n<li><strong>Valoriza\u00e7\u00e3o do produto<\/strong>: Uma etiqueta bem elaborada transmite qualidade e aumenta a percep\u00e7\u00e3o de valor;<br><br><\/li>\n\n\n\n<li><strong>Versatilidade<\/strong>: As etiquetas podem ser adaptadas para diferentes tipos de produtos e necessidades.<\/li>\n<\/ul>\n\n\n\n<h2 class=\"wp-block-heading\"><span class=\"ez-toc-section\" id=\"O_impacto_da_personalizacao_de_etiquetas_no_seu_negocio\"><\/span><strong>O impacto da personaliza\u00e7\u00e3o de etiquetas no seu neg\u00f3cio<\/strong><span class=\"ez-toc-section-end\"><\/span><\/h2>\n\n\n<div class=\"wp-block-image\">\n<figure class=\"alignright size-full is-resized\"><img loading=\"lazy\" decoding=\"async\" width=\"565\" height=\"521\" src=\"https:\/\/www.ffetiquetas.com.br\/blog\/wp-content\/uploads\/2024\/12\/001-1.webp\" alt=\"\" class=\"wp-image-2945\" style=\"width:210px;height:auto\" srcset=\"https:\/\/www.ffetiquetas.com.br\/blog\/wp-content\/uploads\/2024\/12\/001-1.webp 565w, https:\/\/www.ffetiquetas.com.br\/blog\/wp-content\/uploads\/2024\/12\/001-1-300x277.webp 300w, https:\/\/www.ffetiquetas.com.br\/blog\/wp-content\/uploads\/2024\/12\/001-1-65x60.webp 65w\" sizes=\"auto, (max-width: 565px) 100vw, 565px\" \/><\/figure>\n<\/div>\n\n\n<p>A personaliza\u00e7\u00e3o de etiquetas tem um grande impacto na forma como seu produto \u00e9 percebido. Elas v\u00e3o al\u00e9m da fun\u00e7\u00e3o de identificar o item, ajudando a <strong>refor\u00e7ar a identidade da marca<\/strong> e criando uma conex\u00e3o com o consumidor.<\/p>\n\n\n\n<p>Uma etiqueta bem elaborada n\u00e3o s\u00f3 chama a aten\u00e7\u00e3o, como tamb\u00e9m transmite <strong>qualidade e confian\u00e7a<\/strong>, elementos fundamentais para o sucesso de qualquer neg\u00f3cio.&nbsp;<\/p>\n\n\n\n<p>Ela se torna um diferencial competitivo, fazendo com que seu produto se destaque nas prateleiras e se torne mais atraente aos olhos do cliente.<\/p>\n\n\n\n<ul class=\"wp-block-list\">\n<li><a href=\"https:\/\/www.ffetiquetas.com.br\/blog\/2024\/11\/15\/etiquetas-bopp-a-escolha-ideal-para-a-identificacao-e-branding-das-suas-embalagens\/\">Etiquetas BOPP: A escolha ideal para a identifica\u00e7\u00e3o e branding das suas embalagens<\/a><\/li>\n<\/ul>\n\n\n\n<h2 class=\"wp-block-heading\"><span class=\"ez-toc-section\" id=\"Como_garantir_uma_etiqueta_personalizada_de_sucesso\"><\/span><strong>Como garantir uma etiqueta personalizada de sucesso<\/strong><span class=\"ez-toc-section-end\"><\/span><\/h2>\n\n\n\n<p>Para que a personaliza\u00e7\u00e3o de etiquetas seja eficaz, \u00e9 necess\u00e1rio tomar alguns cuidados essenciais:<\/p>\n\n\n\n<ul class=\"wp-block-list\">\n<li><strong>Escolha do material adequado:<\/strong> Como mencionado, o tipo de material influencia diretamente na durabilidade da etiqueta e na imagem do produto. Materiais como vinil ou pap\u00e9is especiais podem ser mais resistentes e adequados para certos tipos de produtos;<br><br><\/li>\n\n\n\n<li><strong>Adesivo de qualidade:<\/strong> Dependendo do uso, a quantidade de cola e a resist\u00eancia do adesivo devem ser ajustadas para garantir que a etiqueta fique bem fixada sem danificar a embalagem ou o produto;<br><br><\/li>\n\n\n\n<li><strong>Design funcional e atraente:<\/strong> Um design que combine com o produto e a marca, com informa\u00e7\u00f5es claras e leg\u00edveis, \u00e9 imprescind\u00edvel. Evite sobrecarregar a etiqueta com texto excessivo ou elementos gr\u00e1ficos que possam prejudicar a leitura;<br><br><\/li>\n\n\n\n<li><strong>Aten\u00e7\u00e3o \u00e0s condi\u00e7\u00f5es clim\u00e1ticas e de armazenamento:<\/strong> Certifique-se de que a etiqueta possa resistir ao ambiente em que o produto ser\u00e1 exposto, seja ele refrigerado, ao ar livre, em um espa\u00e7o \u00famido ou seco.<\/li>\n<\/ul>\n\n\n\n<h2 class=\"wp-block-heading\"><span class=\"ez-toc-section\" id=\"Aposte_na_personalizacao_de_etiquetas_da_F_F_Etiquetas\"><\/span><strong>Aposte na personaliza\u00e7\u00e3o de etiquetas da F&amp;F Etiquetas<\/strong><span class=\"ez-toc-section-end\"><\/span><\/h2>\n\n\n\n<p>Se voc\u00ea quer garantir que suas etiquetas atendam a todos os requisitos de durabilidade, design e funcionalidade, a F&amp;F Etiquetas \u00e9 a parceira ideal para o seu neg\u00f3cio.\u00a0<\/p>\n\n\n\n<p>Com ampla experi\u00eancia e solu\u00e7\u00f5es inovadoras, a F&amp;F Etiquetas oferece personaliza\u00e7\u00e3o de r\u00f3tulos e tags para uma variedade de produtos e segmentos.&nbsp;<\/p>\n\n\n\n<p>Se voc\u00ea deseja agregar valor ao seu produto e destacar sua marca no mercado, n\u00e3o deixe de contar com a expertise da F&amp;F Etiquetas.<\/p>\n\n\n\n<p>N\u00e3o perca tempo! <a href=\"https:\/\/www.ffetiquetas.com.br\/contato\/\">Entre em contato<\/a> com a F&amp;F Etiquetas e garanta que seus produtos se destaquem com qualidade e profissionalismo.<\/p>\n","protected":false},"excerpt":{"rendered":"<p>A personaliza\u00e7\u00e3o de etiquetas \u00e9 uma estrat\u00e9gia poderosa para agregar valor \u00e0 sua marca e produtos. Saiba mais sobre seus benef\u00edcios e onde realizar. No mundo dos neg\u00f3cios, o sucesso n\u00e3o se resume apenas \u00e0 qualidade do produto, mas tamb\u00e9m \u00e0 forma como ele \u00e9 apresentado.&nbsp; A personaliza\u00e7\u00e3o de etiquetas \u00e9 uma das estrat\u00e9gias mais &hellip; <\/p>\n","protected":false},"author":1,"featured_media":2947,"comment_status":"open","ping_status":"open","sticky":false,"template":"","format":"standard","meta":{"footnotes":""},"categories":[6],"tags":[912,914,508,379,915,925,867,921,922,920,919,916,366,771,698,913,917,924,21,936,933,937,930,934,935,929,927,926,931,928,932,923,488,918],"class_list":["post-2944","post","type-post","status-publish","format-standard","has-post-thumbnail","hentry","category-etiquetas","tag-agregar-valor-ao-negocio","tag-branding-de-produtos","tag-comunicacao-visual","tag-design-de-etiquetas","tag-diferenciacao-de-produtos","tag-empresa-de-personalizacao-de-etiquetas","tag-etiquetas-adesivas","tag-etiquetas-para-alimentos","tag-etiquetas-para-cosmeticos","tag-etiquetas-para-embalagens","tag-etiquetas-para-empresas","tag-etiquetas-para-marcas","tag-etiquetas-personalizadas","tag-etiquetas-resistentes","tag-ff-etiquetas","tag-identidade-visual","tag-impressao-de-etiquetas","tag-loja-de-personalizacao-de-etiquetas","tag-personalizacao-de-etiquetas","tag-personalizacao-de-etiquetas-em-alphaville","tag-personalizacao-de-etiquetas-em-barueri","tag-personalizacao-de-etiquetas-em-itapevi","tag-personalizacao-de-etiquetas-em-osasco","tag-personalizacao-de-etiquetas-em-promocao","tag-personalizacao-de-etiquetas-em-santana-de-parnaiba","tag-personalizacao-de-etiquetas-em-sao-paulo","tag-personalizacao-de-etiquetas-em-sp","tag-personalizacao-de-etiquetas-na-lapa","tag-personalizacao-de-etiquetas-perto-de-mim","tag-personalizacao-de-etiquetas-preco","tag-personalizacao-de-etiquetas-proximo-a-mim","tag-qualidade-de-etiquetas","tag-rotulos-personalizados","tag-tipos-de-etiquetas","latest_post"],"yoast_head":"<!-- This site is optimized with the Yoast SEO plugin v23.0 - https:\/\/yoast.com\/wordpress\/plugins\/seo\/ -->\n<title>Personaliza\u00e7\u00e3o de etiquetas: agregue valor ao seu neg\u00f3cio - Blog | F&amp;F Etiquetas<\/title>\n<meta name=\"description\" content=\"A personaliza\u00e7\u00e3o de etiquetas \u00e9 uma estrat\u00e9gia poderosa para agregar valor \u00e0 sua marca e produtos. Saiba mais sobre seus benef\u00edcios e onde realizar.\" \/>\n<meta name=\"robots\" content=\"index, follow, max-snippet:-1, max-image-preview:large, max-video-preview:-1\" \/>\n<link rel=\"canonical\" href=\"https:\/\/www.ffetiquetas.com.br\/blog\/2024\/12\/05\/personalizacao-de-etiquetas-agregue-valor-ao-seu-negocio\/\" \/>\n<meta property=\"og:locale\" content=\"pt_BR\" \/>\n<meta property=\"og:type\" content=\"article\" \/>\n<meta property=\"og:title\" content=\"Personaliza\u00e7\u00e3o de etiquetas: agregue valor ao seu neg\u00f3cio - Blog | F&amp;F Etiquetas\" \/>\n<meta property=\"og:description\" content=\"A personaliza\u00e7\u00e3o de etiquetas \u00e9 uma estrat\u00e9gia poderosa para agregar valor \u00e0 sua marca e produtos. Saiba mais sobre seus benef\u00edcios e onde realizar.\" \/>\n<meta property=\"og:url\" content=\"https:\/\/www.ffetiquetas.com.br\/blog\/2024\/12\/05\/personalizacao-de-etiquetas-agregue-valor-ao-seu-negocio\/\" \/>\n<meta property=\"og:site_name\" content=\"Blog | F&amp;F Etiquetas\" \/>\n<meta property=\"article:published_time\" content=\"2024-12-05T18:53:41+00:00\" \/>\n<meta property=\"article:modified_time\" content=\"2024-12-05T18:53:43+00:00\" \/>\n<meta property=\"og:image\" content=\"https:\/\/www.ffetiquetas.com.br\/blog\/wp-content\/uploads\/2024\/12\/002-1.webp\" \/>\n\t<meta property=\"og:image:width\" content=\"458\" \/>\n\t<meta property=\"og:image:height\" content=\"562\" \/>\n\t<meta property=\"og:image:type\" content=\"image\/webp\" \/>\n<meta name=\"author\" content=\"admin\" \/>\n<meta name=\"twitter:card\" content=\"summary_large_image\" \/>\n<meta name=\"twitter:label1\" content=\"Escrito por\" \/>\n\t<meta name=\"twitter:data1\" content=\"admin\" \/>\n\t<meta name=\"twitter:label2\" content=\"Est. tempo de leitura\" \/>\n\t<meta name=\"twitter:data2\" content=\"5 minutos\" \/>\n<script type=\"application\/ld+json\" class=\"yoast-schema-graph\">{\"@context\":\"https:\/\/schema.org\",\"@graph\":[{\"@type\":\"Article\",\"@id\":\"https:\/\/www.ffetiquetas.com.br\/blog\/2024\/12\/05\/personalizacao-de-etiquetas-agregue-valor-ao-seu-negocio\/#article\",\"isPartOf\":{\"@id\":\"https:\/\/www.ffetiquetas.com.br\/blog\/2024\/12\/05\/personalizacao-de-etiquetas-agregue-valor-ao-seu-negocio\/\"},\"author\":{\"name\":\"admin\",\"@id\":\"https:\/\/www.ffetiquetas.com.br\/blog\/#\/schema\/person\/40702d9805d9211a8f1d0930f1bcb12c\"},\"headline\":\"Personaliza\u00e7\u00e3o de etiquetas: agregue valor ao seu neg\u00f3cio\",\"datePublished\":\"2024-12-05T18:53:41+00:00\",\"dateModified\":\"2024-12-05T18:53:43+00:00\",\"mainEntityOfPage\":{\"@id\":\"https:\/\/www.ffetiquetas.com.br\/blog\/2024\/12\/05\/personalizacao-de-etiquetas-agregue-valor-ao-seu-negocio\/\"},\"wordCount\":789,\"commentCount\":0,\"publisher\":{\"@id\":\"https:\/\/www.ffetiquetas.com.br\/blog\/#organization\"},\"image\":{\"@id\":\"https:\/\/www.ffetiquetas.com.br\/blog\/2024\/12\/05\/personalizacao-de-etiquetas-agregue-valor-ao-seu-negocio\/#primaryimage\"},\"thumbnailUrl\":\"https:\/\/www.ffetiquetas.com.br\/blog\/wp-content\/uploads\/2024\/12\/002-1.webp\",\"keywords\":[\"agregar valor ao neg\u00f3cio\",\"branding de produtos\",\"Comunica\u00e7\u00e3o visual\",\"Design de etiquetas\",\"diferencia\u00e7\u00e3o de produtos\",\"empresa de personaliza\u00e7\u00e3o de etiquetas\",\"etiquetas adesivas\",\"etiquetas para alimentos\",\"etiquetas para cosm\u00e9ticos\",\"etiquetas para embalagens\",\"etiquetas para empresas\",\"etiquetas para marcas\",\"Etiquetas personalizadas\",\"etiquetas resistentes\",\"F&amp;F Etiquetas\",\"identidade visual\",\"impress\u00e3o de etiquetas\",\"loja de personaliza\u00e7\u00e3o de etiquetas\",\"personaliza\u00e7\u00e3o de etiquetas\",\"personaliza\u00e7\u00e3o de etiquetas em Alphaville\",\"personaliza\u00e7\u00e3o de etiquetas em Barueri\",\"personaliza\u00e7\u00e3o de etiquetas em Itapevi\",\"personaliza\u00e7\u00e3o de etiquetas em Osasco\",\"personaliza\u00e7\u00e3o de etiquetas em promo\u00e7\u00e3o\",\"personaliza\u00e7\u00e3o de etiquetas em Santana de Parna\u00edba\",\"personaliza\u00e7\u00e3o de etiquetas em s\u00e3o paulo\",\"personaliza\u00e7\u00e3o de etiquetas em sp\",\"personaliza\u00e7\u00e3o de etiquetas na Lapa\",\"personaliza\u00e7\u00e3o de etiquetas perto de mim\",\"personaliza\u00e7\u00e3o de etiquetas pre\u00e7o\",\"personaliza\u00e7\u00e3o de etiquetas pr\u00f3ximo a mim\",\"qualidade de etiquetas\",\"R\u00f3tulos personalizados\",\"tipos de etiquetas\"],\"articleSection\":[\"Etiquetas\"],\"inLanguage\":\"pt-BR\",\"potentialAction\":[{\"@type\":\"CommentAction\",\"name\":\"Comment\",\"target\":[\"https:\/\/www.ffetiquetas.com.br\/blog\/2024\/12\/05\/personalizacao-de-etiquetas-agregue-valor-ao-seu-negocio\/#respond\"]}]},{\"@type\":\"WebPage\",\"@id\":\"https:\/\/www.ffetiquetas.com.br\/blog\/2024\/12\/05\/personalizacao-de-etiquetas-agregue-valor-ao-seu-negocio\/\",\"url\":\"https:\/\/www.ffetiquetas.com.br\/blog\/2024\/12\/05\/personalizacao-de-etiquetas-agregue-valor-ao-seu-negocio\/\",\"name\":\"Personaliza\u00e7\u00e3o de etiquetas: agregue valor ao seu neg\u00f3cio - Blog | F&amp;F Etiquetas\",\"isPartOf\":{\"@id\":\"https:\/\/www.ffetiquetas.com.br\/blog\/#website\"},\"primaryImageOfPage\":{\"@id\":\"https:\/\/www.ffetiquetas.com.br\/blog\/2024\/12\/05\/personalizacao-de-etiquetas-agregue-valor-ao-seu-negocio\/#primaryimage\"},\"image\":{\"@id\":\"https:\/\/www.ffetiquetas.com.br\/blog\/2024\/12\/05\/personalizacao-de-etiquetas-agregue-valor-ao-seu-negocio\/#primaryimage\"},\"thumbnailUrl\":\"https:\/\/www.ffetiquetas.com.br\/blog\/wp-content\/uploads\/2024\/12\/002-1.webp\",\"datePublished\":\"2024-12-05T18:53:41+00:00\",\"dateModified\":\"2024-12-05T18:53:43+00:00\",\"description\":\"A personaliza\u00e7\u00e3o de etiquetas \u00e9 uma estrat\u00e9gia poderosa para agregar valor \u00e0 sua marca e produtos. Saiba mais sobre seus benef\u00edcios e onde realizar.\",\"breadcrumb\":{\"@id\":\"https:\/\/www.ffetiquetas.com.br\/blog\/2024\/12\/05\/personalizacao-de-etiquetas-agregue-valor-ao-seu-negocio\/#breadcrumb\"},\"inLanguage\":\"pt-BR\",\"potentialAction\":[{\"@type\":\"ReadAction\",\"target\":[\"https:\/\/www.ffetiquetas.com.br\/blog\/2024\/12\/05\/personalizacao-de-etiquetas-agregue-valor-ao-seu-negocio\/\"]}]},{\"@type\":\"ImageObject\",\"inLanguage\":\"pt-BR\",\"@id\":\"https:\/\/www.ffetiquetas.com.br\/blog\/2024\/12\/05\/personalizacao-de-etiquetas-agregue-valor-ao-seu-negocio\/#primaryimage\",\"url\":\"https:\/\/www.ffetiquetas.com.br\/blog\/wp-content\/uploads\/2024\/12\/002-1.webp\",\"contentUrl\":\"https:\/\/www.ffetiquetas.com.br\/blog\/wp-content\/uploads\/2024\/12\/002-1.webp\",\"width\":458,\"height\":562,\"caption\":\"Personaliza\u00e7\u00e3o de etiquetas: agregue valor ao seu neg\u00f3cio\"},{\"@type\":\"BreadcrumbList\",\"@id\":\"https:\/\/www.ffetiquetas.com.br\/blog\/2024\/12\/05\/personalizacao-de-etiquetas-agregue-valor-ao-seu-negocio\/#breadcrumb\",\"itemListElement\":[{\"@type\":\"ListItem\",\"position\":1,\"name\":\"In\u00edcio\",\"item\":\"https:\/\/www.ffetiquetas.com.br\/blog\/\"},{\"@type\":\"ListItem\",\"position\":2,\"name\":\"Personaliza\u00e7\u00e3o de etiquetas: agregue valor ao seu neg\u00f3cio\"}]},{\"@type\":\"WebSite\",\"@id\":\"https:\/\/www.ffetiquetas.com.br\/blog\/#website\",\"url\":\"https:\/\/www.ffetiquetas.com.br\/blog\/\",\"name\":\"Blog | F&amp;F Etiquetas\",\"description\":\"\",\"publisher\":{\"@id\":\"https:\/\/www.ffetiquetas.com.br\/blog\/#organization\"},\"potentialAction\":[{\"@type\":\"SearchAction\",\"target\":{\"@type\":\"EntryPoint\",\"urlTemplate\":\"https:\/\/www.ffetiquetas.com.br\/blog\/?s={search_term_string}\"},\"query-input\":\"required name=search_term_string\"}],\"inLanguage\":\"pt-BR\"},{\"@type\":\"Organization\",\"@id\":\"https:\/\/www.ffetiquetas.com.br\/blog\/#organization\",\"name\":\"Blog | F&amp;F Etiquetas\",\"url\":\"https:\/\/www.ffetiquetas.com.br\/blog\/\",\"logo\":{\"@type\":\"ImageObject\",\"inLanguage\":\"pt-BR\",\"@id\":\"https:\/\/www.ffetiquetas.com.br\/blog\/#\/schema\/logo\/image\/\",\"url\":\"https:\/\/www.ffetiquetas.com.br\/blog\/wp-content\/uploads\/2024\/07\/logo-1-2.png\",\"contentUrl\":\"https:\/\/www.ffetiquetas.com.br\/blog\/wp-content\/uploads\/2024\/07\/logo-1-2.png\",\"width\":820,\"height\":200,\"caption\":\"Blog | F&amp;F Etiquetas\"},\"image\":{\"@id\":\"https:\/\/www.ffetiquetas.com.br\/blog\/#\/schema\/logo\/image\/\"}},{\"@type\":\"Person\",\"@id\":\"https:\/\/www.ffetiquetas.com.br\/blog\/#\/schema\/person\/40702d9805d9211a8f1d0930f1bcb12c\",\"name\":\"admin\",\"image\":{\"@type\":\"ImageObject\",\"inLanguage\":\"pt-BR\",\"@id\":\"https:\/\/www.ffetiquetas.com.br\/blog\/#\/schema\/person\/image\/\",\"url\":\"https:\/\/secure.gravatar.com\/avatar\/ccfb0e0ad48eefce3b7df49741ce4d74febe9fac574a1e3e08da5d2e920f0105?s=96&d=mm&r=g\",\"contentUrl\":\"https:\/\/secure.gravatar.com\/avatar\/ccfb0e0ad48eefce3b7df49741ce4d74febe9fac574a1e3e08da5d2e920f0105?s=96&d=mm&r=g\",\"caption\":\"admin\"},\"sameAs\":[\"https:\/\/ffetiquetas.com.br\/blog\"],\"url\":\"https:\/\/www.ffetiquetas.com.br\/blog\/author\/admin\/\"}]}<\/script>\n<!-- \/ Yoast SEO plugin. -->","yoast_head_json":{"title":"Personaliza\u00e7\u00e3o de etiquetas: agregue valor ao seu neg\u00f3cio - Blog | F&amp;F Etiquetas","description":"A personaliza\u00e7\u00e3o de etiquetas \u00e9 uma estrat\u00e9gia poderosa para agregar valor \u00e0 sua marca e produtos. Saiba mais sobre seus benef\u00edcios e onde realizar.","robots":{"index":"index","follow":"follow","max-snippet":"max-snippet:-1","max-image-preview":"max-image-preview:large","max-video-preview":"max-video-preview:-1"},"canonical":"https:\/\/www.ffetiquetas.com.br\/blog\/2024\/12\/05\/personalizacao-de-etiquetas-agregue-valor-ao-seu-negocio\/","og_locale":"pt_BR","og_type":"article","og_title":"Personaliza\u00e7\u00e3o de etiquetas: agregue valor ao seu neg\u00f3cio - Blog | F&amp;F Etiquetas","og_description":"A personaliza\u00e7\u00e3o de etiquetas \u00e9 uma estrat\u00e9gia poderosa para agregar valor \u00e0 sua marca e produtos. Saiba mais sobre seus benef\u00edcios e onde realizar.","og_url":"https:\/\/www.ffetiquetas.com.br\/blog\/2024\/12\/05\/personalizacao-de-etiquetas-agregue-valor-ao-seu-negocio\/","og_site_name":"Blog | F&amp;F Etiquetas","article_published_time":"2024-12-05T18:53:41+00:00","article_modified_time":"2024-12-05T18:53:43+00:00","og_image":[{"width":458,"height":562,"url":"https:\/\/www.ffetiquetas.com.br\/blog\/wp-content\/uploads\/2024\/12\/002-1.webp","type":"image\/webp"}],"author":"admin","twitter_card":"summary_large_image","twitter_misc":{"Escrito por":"admin","Est. tempo de leitura":"5 minutos"},"schema":{"@context":"https:\/\/schema.org","@graph":[{"@type":"Article","@id":"https:\/\/www.ffetiquetas.com.br\/blog\/2024\/12\/05\/personalizacao-de-etiquetas-agregue-valor-ao-seu-negocio\/#article","isPartOf":{"@id":"https:\/\/www.ffetiquetas.com.br\/blog\/2024\/12\/05\/personalizacao-de-etiquetas-agregue-valor-ao-seu-negocio\/"},"author":{"name":"admin","@id":"https:\/\/www.ffetiquetas.com.br\/blog\/#\/schema\/person\/40702d9805d9211a8f1d0930f1bcb12c"},"headline":"Personaliza\u00e7\u00e3o de etiquetas: agregue valor ao seu neg\u00f3cio","datePublished":"2024-12-05T18:53:41+00:00","dateModified":"2024-12-05T18:53:43+00:00","mainEntityOfPage":{"@id":"https:\/\/www.ffetiquetas.com.br\/blog\/2024\/12\/05\/personalizacao-de-etiquetas-agregue-valor-ao-seu-negocio\/"},"wordCount":789,"commentCount":0,"publisher":{"@id":"https:\/\/www.ffetiquetas.com.br\/blog\/#organization"},"image":{"@id":"https:\/\/www.ffetiquetas.com.br\/blog\/2024\/12\/05\/personalizacao-de-etiquetas-agregue-valor-ao-seu-negocio\/#primaryimage"},"thumbnailUrl":"https:\/\/www.ffetiquetas.com.br\/blog\/wp-content\/uploads\/2024\/12\/002-1.webp","keywords":["agregar valor ao neg\u00f3cio","branding de produtos","Comunica\u00e7\u00e3o visual","Design de etiquetas","diferencia\u00e7\u00e3o de produtos","empresa de personaliza\u00e7\u00e3o de etiquetas","etiquetas adesivas","etiquetas para alimentos","etiquetas para cosm\u00e9ticos","etiquetas para embalagens","etiquetas para empresas","etiquetas para marcas","Etiquetas personalizadas","etiquetas resistentes","F&amp;F Etiquetas","identidade visual","impress\u00e3o de etiquetas","loja de personaliza\u00e7\u00e3o de etiquetas","personaliza\u00e7\u00e3o de etiquetas","personaliza\u00e7\u00e3o de etiquetas em Alphaville","personaliza\u00e7\u00e3o de etiquetas em Barueri","personaliza\u00e7\u00e3o de etiquetas em Itapevi","personaliza\u00e7\u00e3o de etiquetas em Osasco","personaliza\u00e7\u00e3o de etiquetas em promo\u00e7\u00e3o","personaliza\u00e7\u00e3o de etiquetas em Santana de Parna\u00edba","personaliza\u00e7\u00e3o de etiquetas em s\u00e3o paulo","personaliza\u00e7\u00e3o de etiquetas em sp","personaliza\u00e7\u00e3o de etiquetas na Lapa","personaliza\u00e7\u00e3o de etiquetas perto de mim","personaliza\u00e7\u00e3o de etiquetas pre\u00e7o","personaliza\u00e7\u00e3o de etiquetas pr\u00f3ximo a mim","qualidade de etiquetas","R\u00f3tulos personalizados","tipos de etiquetas"],"articleSection":["Etiquetas"],"inLanguage":"pt-BR","potentialAction":[{"@type":"CommentAction","name":"Comment","target":["https:\/\/www.ffetiquetas.com.br\/blog\/2024\/12\/05\/personalizacao-de-etiquetas-agregue-valor-ao-seu-negocio\/#respond"]}]},{"@type":"WebPage","@id":"https:\/\/www.ffetiquetas.com.br\/blog\/2024\/12\/05\/personalizacao-de-etiquetas-agregue-valor-ao-seu-negocio\/","url":"https:\/\/www.ffetiquetas.com.br\/blog\/2024\/12\/05\/personalizacao-de-etiquetas-agregue-valor-ao-seu-negocio\/","name":"Personaliza\u00e7\u00e3o de etiquetas: agregue valor ao seu neg\u00f3cio - Blog | F&amp;F Etiquetas","isPartOf":{"@id":"https:\/\/www.ffetiquetas.com.br\/blog\/#website"},"primaryImageOfPage":{"@id":"https:\/\/www.ffetiquetas.com.br\/blog\/2024\/12\/05\/personalizacao-de-etiquetas-agregue-valor-ao-seu-negocio\/#primaryimage"},"image":{"@id":"https:\/\/www.ffetiquetas.com.br\/blog\/2024\/12\/05\/personalizacao-de-etiquetas-agregue-valor-ao-seu-negocio\/#primaryimage"},"thumbnailUrl":"https:\/\/www.ffetiquetas.com.br\/blog\/wp-content\/uploads\/2024\/12\/002-1.webp","datePublished":"2024-12-05T18:53:41+00:00","dateModified":"2024-12-05T18:53:43+00:00","description":"A personaliza\u00e7\u00e3o de etiquetas \u00e9 uma estrat\u00e9gia poderosa para agregar valor \u00e0 sua marca e produtos. Saiba mais sobre seus benef\u00edcios e onde realizar.","breadcrumb":{"@id":"https:\/\/www.ffetiquetas.com.br\/blog\/2024\/12\/05\/personalizacao-de-etiquetas-agregue-valor-ao-seu-negocio\/#breadcrumb"},"inLanguage":"pt-BR","potentialAction":[{"@type":"ReadAction","target":["https:\/\/www.ffetiquetas.com.br\/blog\/2024\/12\/05\/personalizacao-de-etiquetas-agregue-valor-ao-seu-negocio\/"]}]},{"@type":"ImageObject","inLanguage":"pt-BR","@id":"https:\/\/www.ffetiquetas.com.br\/blog\/2024\/12\/05\/personalizacao-de-etiquetas-agregue-valor-ao-seu-negocio\/#primaryimage","url":"https:\/\/www.ffetiquetas.com.br\/blog\/wp-content\/uploads\/2024\/12\/002-1.webp","contentUrl":"https:\/\/www.ffetiquetas.com.br\/blog\/wp-content\/uploads\/2024\/12\/002-1.webp","width":458,"height":562,"caption":"Personaliza\u00e7\u00e3o de etiquetas: agregue valor ao seu neg\u00f3cio"},{"@type":"BreadcrumbList","@id":"https:\/\/www.ffetiquetas.com.br\/blog\/2024\/12\/05\/personalizacao-de-etiquetas-agregue-valor-ao-seu-negocio\/#breadcrumb","itemListElement":[{"@type":"ListItem","position":1,"name":"In\u00edcio","item":"https:\/\/www.ffetiquetas.com.br\/blog\/"},{"@type":"ListItem","position":2,"name":"Personaliza\u00e7\u00e3o de etiquetas: agregue valor ao seu neg\u00f3cio"}]},{"@type":"WebSite","@id":"https:\/\/www.ffetiquetas.com.br\/blog\/#website","url":"https:\/\/www.ffetiquetas.com.br\/blog\/","name":"Blog | F&amp;F Etiquetas","description":"","publisher":{"@id":"https:\/\/www.ffetiquetas.com.br\/blog\/#organization"},"potentialAction":[{"@type":"SearchAction","target":{"@type":"EntryPoint","urlTemplate":"https:\/\/www.ffetiquetas.com.br\/blog\/?s={search_term_string}"},"query-input":"required name=search_term_string"}],"inLanguage":"pt-BR"},{"@type":"Organization","@id":"https:\/\/www.ffetiquetas.com.br\/blog\/#organization","name":"Blog | F&amp;F Etiquetas","url":"https:\/\/www.ffetiquetas.com.br\/blog\/","logo":{"@type":"ImageObject","inLanguage":"pt-BR","@id":"https:\/\/www.ffetiquetas.com.br\/blog\/#\/schema\/logo\/image\/","url":"https:\/\/www.ffetiquetas.com.br\/blog\/wp-content\/uploads\/2024\/07\/logo-1-2.png","contentUrl":"https:\/\/www.ffetiquetas.com.br\/blog\/wp-content\/uploads\/2024\/07\/logo-1-2.png","width":820,"height":200,"caption":"Blog | F&amp;F Etiquetas"},"image":{"@id":"https:\/\/www.ffetiquetas.com.br\/blog\/#\/schema\/logo\/image\/"}},{"@type":"Person","@id":"https:\/\/www.ffetiquetas.com.br\/blog\/#\/schema\/person\/40702d9805d9211a8f1d0930f1bcb12c","name":"admin","image":{"@type":"ImageObject","inLanguage":"pt-BR","@id":"https:\/\/www.ffetiquetas.com.br\/blog\/#\/schema\/person\/image\/","url":"https:\/\/secure.gravatar.com\/avatar\/ccfb0e0ad48eefce3b7df49741ce4d74febe9fac574a1e3e08da5d2e920f0105?s=96&d=mm&r=g","contentUrl":"https:\/\/secure.gravatar.com\/avatar\/ccfb0e0ad48eefce3b7df49741ce4d74febe9fac574a1e3e08da5d2e920f0105?s=96&d=mm&r=g","caption":"admin"},"sameAs":["https:\/\/ffetiquetas.com.br\/blog"],"url":"https:\/\/www.ffetiquetas.com.br\/blog\/author\/admin\/"}]}},"_links":{"self":[{"href":"https:\/\/www.ffetiquetas.com.br\/blog\/wp-json\/wp\/v2\/posts\/2944","targetHints":{"allow":["GET"]}}],"collection":[{"href":"https:\/\/www.ffetiquetas.com.br\/blog\/wp-json\/wp\/v2\/posts"}],"about":[{"href":"https:\/\/www.ffetiquetas.com.br\/blog\/wp-json\/wp\/v2\/types\/post"}],"author":[{"embeddable":true,"href":"https:\/\/www.ffetiquetas.com.br\/blog\/wp-json\/wp\/v2\/users\/1"}],"replies":[{"embeddable":true,"href":"https:\/\/www.ffetiquetas.com.br\/blog\/wp-json\/wp\/v2\/comments?post=2944"}],"version-history":[{"count":1,"href":"https:\/\/www.ffetiquetas.com.br\/blog\/wp-json\/wp\/v2\/posts\/2944\/revisions"}],"predecessor-version":[{"id":2948,"href":"https:\/\/www.ffetiquetas.com.br\/blog\/wp-json\/wp\/v2\/posts\/2944\/revisions\/2948"}],"wp:featuredmedia":[{"embeddable":true,"href":"https:\/\/www.ffetiquetas.com.br\/blog\/wp-json\/wp\/v2\/media\/2947"}],"wp:attachment":[{"href":"https:\/\/www.ffetiquetas.com.br\/blog\/wp-json\/wp\/v2\/media?parent=2944"}],"wp:term":[{"taxonomy":"category","embeddable":true,"href":"https:\/\/www.ffetiquetas.com.br\/blog\/wp-json\/wp\/v2\/categories?post=2944"},{"taxonomy":"post_tag","embeddable":true,"href":"https:\/\/www.ffetiquetas.com.br\/blog\/wp-json\/wp\/v2\/tags?post=2944"}],"curies":[{"name":"wp","href":"https:\/\/api.w.org\/{rel}","templated":true}]}}