{"id":2788,"date":"2024-07-04T14:09:32","date_gmt":"2024-07-04T17:09:32","guid":{"rendered":"https:\/\/ffetiquetas.com.br\/blog\/?p=2788"},"modified":"2024-07-17T14:15:19","modified_gmt":"2024-07-17T17:15:19","slug":"etiqueta-de-costura-conheca-a-importancia","status":"publish","type":"post","link":"https:\/\/www.ffetiquetas.com.br\/blog\/2024\/07\/04\/etiqueta-de-costura-conheca-a-importancia\/","title":{"rendered":"Etiqueta de costura: conhe\u00e7a a import\u00e2ncia\u00a0"},"content":{"rendered":"\n<p class=\"has-medium-font-size\"><strong><em>Descubra a import\u00e2ncia da etiqueta de costura para a identifica\u00e7\u00e3o e valoriza\u00e7\u00e3o de pe\u00e7as de vestu\u00e1rio. Aprenda como esse detalhe pode influenciar na percep\u00e7\u00e3o de qualidade e na constru\u00e7\u00e3o da identidade da marca.<\/em><\/strong><\/p>\n\n\n\n<p>A etiqueta de costura, que tamb\u00e9m pode ser conhecida como etiqueta de informa\u00e7\u00f5es legais, \u00e9 algo muito importante dentro da ind\u00fastria t\u00eaxtil.&nbsp;<\/p>\n\n\n\n<p>\u00c9 na etiqueta de costura que informa\u00e7\u00f5es essenciais sobre a pe\u00e7a, sobre a marca e tamb\u00e9m os cuidados necess\u00e1rios s\u00e3o adicionadas. Essas informa\u00e7\u00f5es s\u00e3o exigidas pela ABNT (Associa\u00e7\u00e3o Brasileira de Normas T\u00e9cnicas), e podem incluir: nome ou raz\u00e3o social do fabricante ou importador, CNPJ, composi\u00e7\u00e3o da pe\u00e7a, simbologia de cuidados, e caso necess\u00e1rio, o tamanho da pe\u00e7a.&nbsp;<\/p>\n\n\n\n<p>Quer conhecer um pouco mais sobre a import\u00e2ncia da etiqueta de costura? Ent\u00e3o, acompanhe as informa\u00e7\u00f5es que separamos para voc\u00ea neste artigo.&nbsp;<\/p>\n\n\n\n<ul class=\"wp-block-list\">\n<li><a href=\"https:\/\/ffetiquetas.com.br\/blog\/2024\/07\/02\/fabricante-de-etiquetas-para-roupas-conheca-a-melhor-empresa-do-segmento\/\">Fabricante de etiquetas para roupas: conhe\u00e7a a melhor empresa do segmento<\/a><\/li>\n<\/ul>\n\n\n\n<div id=\"ez-toc-container\" class=\"ez-toc-v2_0_69_1 counter-hierarchy ez-toc-counter ez-toc-grey ez-toc-container-direction\">\n<div class=\"ez-toc-title-container\">\n<p class=\"ez-toc-title\" style=\"cursor:inherit\">O que abordaremos neste artigo:<\/p>\n<span class=\"ez-toc-title-toggle\"><a href=\"#\" class=\"ez-toc-pull-right ez-toc-btn ez-toc-btn-xs ez-toc-btn-default ez-toc-toggle\" aria-label=\"Toggle Table of Content\"><span class=\"ez-toc-js-icon-con\"><span class=\"\"><span class=\"eztoc-hide\" style=\"display:none;\">Toggle<\/span><span class=\"ez-toc-icon-toggle-span\"><svg style=\"fill: #999;color:#999\" xmlns=\"http:\/\/www.w3.org\/2000\/svg\" class=\"list-377408\" width=\"20px\" height=\"20px\" viewBox=\"0 0 24 24\" fill=\"none\"><path d=\"M6 6H4v2h2V6zm14 0H8v2h12V6zM4 11h2v2H4v-2zm16 0H8v2h12v-2zM4 16h2v2H4v-2zm16 0H8v2h12v-2z\" fill=\"currentColor\"><\/path><\/svg><svg style=\"fill: #999;color:#999\" class=\"arrow-unsorted-368013\" xmlns=\"http:\/\/www.w3.org\/2000\/svg\" width=\"10px\" height=\"10px\" viewBox=\"0 0 24 24\" version=\"1.2\" baseProfile=\"tiny\"><path d=\"M18.2 9.3l-6.2-6.3-6.2 6.3c-.2.2-.3.4-.3.7s.1.5.3.7c.2.2.4.3.7.3h11c.3 0 .5-.1.7-.3.2-.2.3-.5.3-.7s-.1-.5-.3-.7zM5.8 14.7l6.2 6.3 6.2-6.3c.2-.2.3-.5.3-.7s-.1-.5-.3-.7c-.2-.2-.4-.3-.7-.3h-11c-.3 0-.5.1-.7.3-.2.2-.3.5-.3.7s.1.5.3.7z\"\/><\/svg><\/span><\/span><\/span><\/a><\/span><\/div>\n<nav><ul class='ez-toc-list ez-toc-list-level-1 ' ><li class='ez-toc-page-1 ez-toc-heading-level-2'><a class=\"ez-toc-link ez-toc-heading-1\" href=\"https:\/\/www.ffetiquetas.com.br\/blog\/2024\/07\/04\/etiqueta-de-costura-conheca-a-importancia\/#Qual_a_importancia_da_etiqueta_de_costura\" title=\"Qual a import\u00e2ncia da etiqueta de costura?\">Qual a import\u00e2ncia da etiqueta de costura?<\/a><ul class='ez-toc-list-level-3' ><li class='ez-toc-heading-level-3'><a class=\"ez-toc-link ez-toc-heading-2\" href=\"https:\/\/www.ffetiquetas.com.br\/blog\/2024\/07\/04\/etiqueta-de-costura-conheca-a-importancia\/#Informacoes_de_cuidado_com_a_peca\" title=\"Informa\u00e7\u00f5es de cuidado com a pe\u00e7a\">Informa\u00e7\u00f5es de cuidado com a pe\u00e7a<\/a><\/li><li class='ez-toc-page-1 ez-toc-heading-level-3'><a class=\"ez-toc-link ez-toc-heading-3\" href=\"https:\/\/www.ffetiquetas.com.br\/blog\/2024\/07\/04\/etiqueta-de-costura-conheca-a-importancia\/#Composicao_do_tecido\" title=\"Composi\u00e7\u00e3o do tecido\">Composi\u00e7\u00e3o do tecido<\/a><\/li><li class='ez-toc-page-1 ez-toc-heading-level-3'><a class=\"ez-toc-link ez-toc-heading-4\" href=\"https:\/\/www.ffetiquetas.com.br\/blog\/2024\/07\/04\/etiqueta-de-costura-conheca-a-importancia\/#Identificacao_da_marca\" title=\"Identifica\u00e7\u00e3o da marca\">Identifica\u00e7\u00e3o da marca<\/a><\/li><li class='ez-toc-page-1 ez-toc-heading-level-3'><a class=\"ez-toc-link ez-toc-heading-5\" href=\"https:\/\/www.ffetiquetas.com.br\/blog\/2024\/07\/04\/etiqueta-de-costura-conheca-a-importancia\/#Tamanho_e_ajuste\" title=\"Tamanho e ajuste\">Tamanho e ajuste<\/a><\/li><li class='ez-toc-page-1 ez-toc-heading-level-3'><a class=\"ez-toc-link ez-toc-heading-6\" href=\"https:\/\/www.ffetiquetas.com.br\/blog\/2024\/07\/04\/etiqueta-de-costura-conheca-a-importancia\/#Conformidade_legal\" title=\"Conformidade legal\">Conformidade legal<\/a><\/li><\/ul><\/li><\/ul><\/nav><\/div>\n<h2 class=\"wp-block-heading\"><span class=\"ez-toc-section\" id=\"Qual_a_importancia_da_etiqueta_de_costura\"><\/span>Qual a import\u00e2ncia da etiqueta de costura?<span class=\"ez-toc-section-end\"><\/span><\/h2>\n\n\n<div class=\"wp-block-image is-style-rounded\">\n<figure class=\"alignright size-full is-resized\"><img loading=\"lazy\" decoding=\"async\" width=\"413\" height=\"309\" src=\"https:\/\/ffetiquetas.com.br\/blog\/wp-content\/uploads\/2024\/07\/etiquetas-para-roupas2.jpg\" alt=\"\" class=\"wp-image-2791\" style=\"width:323px;height:auto\" srcset=\"https:\/\/www.ffetiquetas.com.br\/blog\/wp-content\/uploads\/2024\/07\/etiquetas-para-roupas2.jpg 413w, https:\/\/www.ffetiquetas.com.br\/blog\/wp-content\/uploads\/2024\/07\/etiquetas-para-roupas2-300x224.jpg 300w\" sizes=\"auto, (max-width: 413px) 100vw, 413px\" \/><\/figure>\n<\/div>\n\n\n<p>Houve um tempo que as etiquetas de costura eram produzidas com materiais de baixo custo, o que compromete a durabilidade da mesma. Por\u00e9m, com o passar do tempo e a crescente demanda do mercado em aumentar a qualidade das pe\u00e7as, as etiquetas come\u00e7aram a ser produzidas em materiais mais nobres e que apresentam uma durabilidade e conforto muito maior, tais como o nylon e o cetim, por exemplo.&nbsp;<\/p>\n\n\n\n<p>Basicamente, a etiqueta de costura \u00e9 um pequeno peda\u00e7o de tecido ou material sint\u00e9tico que \u00e9 costurado em roupas ou em outros produtos t\u00eaxteis. Nela s\u00e3o adicionadas informa\u00e7\u00f5es importantes sobre o produto, como podemos ver a seguir:<\/p>\n\n\n\n<h3 class=\"wp-block-heading\"><span class=\"ez-toc-section\" id=\"Informacoes_de_cuidado_com_a_peca\"><\/span>Informa\u00e7\u00f5es de cuidado com a pe\u00e7a<span class=\"ez-toc-section-end\"><\/span><\/h3>\n\n\n\n<p>Geralmente, as etiquetas possuem informa\u00e7\u00f5es de cuidados que devem ser tomados com a pe\u00e7a, tais como instru\u00e7\u00f5es de lavagem, secagem e passadoria, m\u00e9todos que ajudam a prolongar a vida \u00fatil da pe\u00e7a.&nbsp;<\/p>\n\n\n\n<p>Essas informa\u00e7\u00f5es devem ser claras e objetivas para que o usu\u00e1rio siga-as corretamente e evite assim danos como encolhimento do tecido, desbotamentos ou deforma\u00e7\u00f5es.&nbsp;<\/p>\n\n\n\n<h3 class=\"wp-block-heading\"><span class=\"ez-toc-section\" id=\"Composicao_do_tecido\"><\/span>Composi\u00e7\u00e3o do tecido<span class=\"ez-toc-section-end\"><\/span><\/h3>\n\n\n\n<p>Tamb\u00e9m podem ser adicionadas a composi\u00e7\u00e3o do tecido, informa\u00e7\u00f5es sobre os materiais utilizados s\u00e3o essenciais para pessoas com alergias ou sensibilidades a determinados tecidos.&nbsp;<\/p>\n\n\n\n<p>Dessa forma, os consumidores podem fazer escolhas mais conscientes baseadas nas prefer\u00eancias por certos materiais, como algod\u00e3o org\u00e2nico ou tecidos sint\u00e9ticos.<\/p>\n\n\n\n<h3 class=\"wp-block-heading\"><span class=\"ez-toc-section\" id=\"Identificacao_da_marca\"><\/span>Identifica\u00e7\u00e3o da marca<span class=\"ez-toc-section-end\"><\/span><\/h3>\n\n\n\n<p>A etiqueta de costura tamb\u00e9m \u00e9 importante para identifica\u00e7\u00e3o da marca que produziu determinada pe\u00e7a. A presen\u00e7a de etiquetas aut\u00eanticas ajuda a identificar produtos originais, prevenindo falsifica\u00e7\u00f5es.<\/p>\n\n\n\n<p>Isso faz com que o consumidor, na hora da compra, tenha mais confian\u00e7a em adquirir um produto original e com a qualidade que a sua empresa emprega nos produtos. Sendo assim, \u00e9 poss\u00edvel apresentar o CNPJ, logo e endere\u00e7o.&nbsp;<\/p>\n\n\n\n<h3 class=\"wp-block-heading\"><span class=\"ez-toc-section\" id=\"Tamanho_e_ajuste\"><\/span>Tamanho e ajuste<span class=\"ez-toc-section-end\"><\/span><\/h3>\n\n\n\n<p>\u00c9 fundamental que a etiqueta tenha o tamanho correto da pe\u00e7a.&nbsp; Informa\u00e7\u00e3o clara sobre o tamanho ajuda os consumidores a escolherem a pe\u00e7a adequada ao seu corpo, evitando trocas e devolu\u00e7\u00f5es.<\/p>\n\n\n\n<h3 class=\"wp-block-heading\"><span class=\"ez-toc-section\" id=\"Conformidade_legal\"><\/span>Conformidade legal<span class=\"ez-toc-section-end\"><\/span><\/h3>\n\n\n\n<p>Etiquetas muitas vezes s\u00e3o exigidas por leis e regulamenta\u00e7\u00f5es que visam proteger os consumidores e garantir a transpar\u00eancia no mercado.<\/p>\n\n\n\n<p>Informa\u00e7\u00f5es sobre o local de fabrica\u00e7\u00e3o e certifica\u00e7\u00f5es podem influenciar decis\u00f5es de compra, especialmente para consumidores preocupados com pr\u00e1ticas de trabalho justas e sustentabilidade ambiental.<\/p>\n\n\n\n<p>A etiqueta de costura \u00e9 uma ferramenta vital para comunicar informa\u00e7\u00f5es essenciais, promover a longevidade das roupas, garantir a satisfa\u00e7\u00e3o do consumidor e cumprir com as exig\u00eancias legais. Por isso, ela deve ser feita com empresas que garantem a qualidade e o compromisso.&nbsp;<\/p>\n\n\n\n<p>Acesse o site da <a href=\"https:\/\/www.ffetiquetas.com.br\/\">F&amp;F Etiquetas<\/a> e conhe\u00e7a ainda mais os nossos servi\u00e7os!<\/p>\n","protected":false},"excerpt":{"rendered":"<p>Descubra a import\u00e2ncia da etiqueta de costura para a identifica\u00e7\u00e3o e valoriza\u00e7\u00e3o de pe\u00e7as de vestu\u00e1rio. Aprenda como esse detalhe pode influenciar na percep\u00e7\u00e3o de qualidade e na constru\u00e7\u00e3o da identidade da marca. A etiqueta de costura, que tamb\u00e9m pode ser conhecida como etiqueta de informa\u00e7\u00f5es legais, \u00e9 algo muito importante dentro da ind\u00fastria t\u00eaxtil.&nbsp; &hellip; <\/p>\n","protected":false},"author":1,"featured_media":2790,"comment_status":"open","ping_status":"open","sticky":false,"template":"","format":"standard","meta":{"footnotes":""},"categories":[6],"tags":[145,148,157,156,153,160,161,159,154,150,151,152,158,149,155,143,144,147,146],"class_list":["post-2788","post","type-post","status-publish","format-standard","has-post-thumbnail","hentry","category-etiquetas","tag-comprar-etiqueta-de-costura","tag-empresa-de-etiqueta-de-costura","tag-etiqueta-de-costura-direto-da-fabrica","tag-etiqueta-de-costura-em-alphaville","tag-etiqueta-de-costura-em-barueri","tag-etiqueta-de-costura-em-carapicuiba","tag-etiqueta-de-costura-em-itapevi","tag-etiqueta-de-costura-em-osasco","tag-etiqueta-de-costura-em-promocao","tag-etiqueta-de-costura-em-sao-paulo","tag-etiqueta-de-costura-em-sp","tag-etiqueta-de-costura-na-zona-norte","tag-etiqueta-de-costura-perto-de-mim","tag-etiqueta-de-costura-preco","tag-etiqueta-de-costura-proximo-a-mim","tag-fabrica-de-etiqueta-de-costura","tag-fabricante-de-etiqueta-de-costura","tag-fornecedor-de-etiqueta-de-costura","tag-loja-de-etiqueta-de-costura","latest_post"],"yoast_head":"<!-- This site is optimized with the Yoast SEO plugin v23.0 - https:\/\/yoast.com\/wordpress\/plugins\/seo\/ -->\n<title>Etiqueta de costura: conhe\u00e7a a import\u00e2ncia\u00a0 - Blog | F&amp;F Etiquetas<\/title>\n<meta name=\"description\" content=\"Descubra a import\u00e2ncia da etiqueta de costura para a identifica\u00e7\u00e3o e valoriza\u00e7\u00e3o de pe\u00e7as de vestu\u00e1rio. Aprenda como esse detalhe pode influenciar na percep\u00e7\u00e3o de qualidade e na constru\u00e7\u00e3o da identidade da marca.\" \/>\n<meta name=\"robots\" content=\"index, follow, max-snippet:-1, max-image-preview:large, max-video-preview:-1\" \/>\n<link rel=\"canonical\" href=\"https:\/\/www.ffetiquetas.com.br\/blog\/2024\/07\/04\/etiqueta-de-costura-conheca-a-importancia\/\" \/>\n<meta property=\"og:locale\" content=\"pt_BR\" \/>\n<meta property=\"og:type\" content=\"article\" \/>\n<meta property=\"og:title\" content=\"Etiqueta de costura: conhe\u00e7a a import\u00e2ncia\u00a0 - Blog | F&amp;F Etiquetas\" \/>\n<meta property=\"og:description\" content=\"Descubra a import\u00e2ncia da etiqueta de costura para a identifica\u00e7\u00e3o e valoriza\u00e7\u00e3o de pe\u00e7as de vestu\u00e1rio. Aprenda como esse detalhe pode influenciar na percep\u00e7\u00e3o de qualidade e na constru\u00e7\u00e3o da identidade da marca.\" \/>\n<meta property=\"og:url\" content=\"https:\/\/www.ffetiquetas.com.br\/blog\/2024\/07\/04\/etiqueta-de-costura-conheca-a-importancia\/\" \/>\n<meta property=\"og:site_name\" content=\"Blog | F&amp;F Etiquetas\" \/>\n<meta property=\"article:published_time\" content=\"2024-07-04T17:09:32+00:00\" \/>\n<meta property=\"article:modified_time\" content=\"2024-07-17T17:15:19+00:00\" \/>\n<meta property=\"og:image\" content=\"https:\/\/www.ffetiquetas.com.br\/blog\/wp-content\/uploads\/2024\/07\/etiquetas-para-roupas1.jpg\" \/>\n\t<meta property=\"og:image:width\" content=\"413\" \/>\n\t<meta property=\"og:image:height\" content=\"308\" \/>\n\t<meta property=\"og:image:type\" content=\"image\/jpeg\" \/>\n<meta name=\"author\" content=\"admin\" \/>\n<meta name=\"twitter:card\" content=\"summary_large_image\" \/>\n<meta name=\"twitter:label1\" content=\"Escrito por\" \/>\n\t<meta name=\"twitter:data1\" content=\"admin\" \/>\n\t<meta name=\"twitter:label2\" content=\"Est. tempo de leitura\" \/>\n\t<meta name=\"twitter:data2\" content=\"4 minutos\" \/>\n<script type=\"application\/ld+json\" class=\"yoast-schema-graph\">{\"@context\":\"https:\/\/schema.org\",\"@graph\":[{\"@type\":\"Article\",\"@id\":\"https:\/\/www.ffetiquetas.com.br\/blog\/2024\/07\/04\/etiqueta-de-costura-conheca-a-importancia\/#article\",\"isPartOf\":{\"@id\":\"https:\/\/www.ffetiquetas.com.br\/blog\/2024\/07\/04\/etiqueta-de-costura-conheca-a-importancia\/\"},\"author\":{\"name\":\"admin\",\"@id\":\"https:\/\/www.ffetiquetas.com.br\/blog\/#\/schema\/person\/40702d9805d9211a8f1d0930f1bcb12c\"},\"headline\":\"Etiqueta de costura: conhe\u00e7a a import\u00e2ncia\u00a0\",\"datePublished\":\"2024-07-04T17:09:32+00:00\",\"dateModified\":\"2024-07-17T17:15:19+00:00\",\"mainEntityOfPage\":{\"@id\":\"https:\/\/www.ffetiquetas.com.br\/blog\/2024\/07\/04\/etiqueta-de-costura-conheca-a-importancia\/\"},\"wordCount\":669,\"commentCount\":0,\"publisher\":{\"@id\":\"https:\/\/www.ffetiquetas.com.br\/blog\/#organization\"},\"image\":{\"@id\":\"https:\/\/www.ffetiquetas.com.br\/blog\/2024\/07\/04\/etiqueta-de-costura-conheca-a-importancia\/#primaryimage\"},\"thumbnailUrl\":\"https:\/\/www.ffetiquetas.com.br\/blog\/wp-content\/uploads\/2024\/07\/etiquetas-para-roupas1.jpg\",\"keywords\":[\"comprar etiqueta de costura\",\"empresa de etiqueta de costura\",\"etiqueta de costura direto da fabrica\",\"etiqueta de costura em Alphaville\",\"etiqueta de costura em Barueri\",\"etiqueta de costura em Carapicuiba\",\"etiqueta de costura em Itapevi\",\"etiqueta de costura em Osasco\",\"etiqueta de costura em promo\u00e7\u00e3o\",\"etiqueta de costura em s\u00e3o paulo\",\"etiqueta de costura em sp\",\"etiqueta de costura na zona norte\",\"etiqueta de costura perto de mim\",\"etiqueta de costura pre\u00e7o\",\"etiqueta de costura pr\u00f3ximo a mim\",\"f\u00e1brica de etiqueta de costura\",\"fabricante de etiqueta de costura\",\"fornecedor de etiqueta de costura\",\"loja de etiqueta de costura\"],\"articleSection\":[\"Etiquetas\"],\"inLanguage\":\"pt-BR\",\"potentialAction\":[{\"@type\":\"CommentAction\",\"name\":\"Comment\",\"target\":[\"https:\/\/www.ffetiquetas.com.br\/blog\/2024\/07\/04\/etiqueta-de-costura-conheca-a-importancia\/#respond\"]}]},{\"@type\":\"WebPage\",\"@id\":\"https:\/\/www.ffetiquetas.com.br\/blog\/2024\/07\/04\/etiqueta-de-costura-conheca-a-importancia\/\",\"url\":\"https:\/\/www.ffetiquetas.com.br\/blog\/2024\/07\/04\/etiqueta-de-costura-conheca-a-importancia\/\",\"name\":\"Etiqueta de costura: conhe\u00e7a a import\u00e2ncia\u00a0 - Blog | F&amp;F Etiquetas\",\"isPartOf\":{\"@id\":\"https:\/\/www.ffetiquetas.com.br\/blog\/#website\"},\"primaryImageOfPage\":{\"@id\":\"https:\/\/www.ffetiquetas.com.br\/blog\/2024\/07\/04\/etiqueta-de-costura-conheca-a-importancia\/#primaryimage\"},\"image\":{\"@id\":\"https:\/\/www.ffetiquetas.com.br\/blog\/2024\/07\/04\/etiqueta-de-costura-conheca-a-importancia\/#primaryimage\"},\"thumbnailUrl\":\"https:\/\/www.ffetiquetas.com.br\/blog\/wp-content\/uploads\/2024\/07\/etiquetas-para-roupas1.jpg\",\"datePublished\":\"2024-07-04T17:09:32+00:00\",\"dateModified\":\"2024-07-17T17:15:19+00:00\",\"description\":\"Descubra a import\u00e2ncia da etiqueta de costura para a identifica\u00e7\u00e3o e valoriza\u00e7\u00e3o de pe\u00e7as de vestu\u00e1rio. Aprenda como esse detalhe pode influenciar na percep\u00e7\u00e3o de qualidade e na constru\u00e7\u00e3o da identidade da marca.\",\"breadcrumb\":{\"@id\":\"https:\/\/www.ffetiquetas.com.br\/blog\/2024\/07\/04\/etiqueta-de-costura-conheca-a-importancia\/#breadcrumb\"},\"inLanguage\":\"pt-BR\",\"potentialAction\":[{\"@type\":\"ReadAction\",\"target\":[\"https:\/\/www.ffetiquetas.com.br\/blog\/2024\/07\/04\/etiqueta-de-costura-conheca-a-importancia\/\"]}]},{\"@type\":\"ImageObject\",\"inLanguage\":\"pt-BR\",\"@id\":\"https:\/\/www.ffetiquetas.com.br\/blog\/2024\/07\/04\/etiqueta-de-costura-conheca-a-importancia\/#primaryimage\",\"url\":\"https:\/\/www.ffetiquetas.com.br\/blog\/wp-content\/uploads\/2024\/07\/etiquetas-para-roupas1.jpg\",\"contentUrl\":\"https:\/\/www.ffetiquetas.com.br\/blog\/wp-content\/uploads\/2024\/07\/etiquetas-para-roupas1.jpg\",\"width\":413,\"height\":308,\"caption\":\"Etiqueta de costura: conhe\u00e7a a import\u00e2ncia\"},{\"@type\":\"BreadcrumbList\",\"@id\":\"https:\/\/www.ffetiquetas.com.br\/blog\/2024\/07\/04\/etiqueta-de-costura-conheca-a-importancia\/#breadcrumb\",\"itemListElement\":[{\"@type\":\"ListItem\",\"position\":1,\"name\":\"In\u00edcio\",\"item\":\"https:\/\/www.ffetiquetas.com.br\/blog\/\"},{\"@type\":\"ListItem\",\"position\":2,\"name\":\"Etiqueta de costura: conhe\u00e7a a import\u00e2ncia\u00a0\"}]},{\"@type\":\"WebSite\",\"@id\":\"https:\/\/www.ffetiquetas.com.br\/blog\/#website\",\"url\":\"https:\/\/www.ffetiquetas.com.br\/blog\/\",\"name\":\"Blog | F&amp;F Etiquetas\",\"description\":\"\",\"publisher\":{\"@id\":\"https:\/\/www.ffetiquetas.com.br\/blog\/#organization\"},\"potentialAction\":[{\"@type\":\"SearchAction\",\"target\":{\"@type\":\"EntryPoint\",\"urlTemplate\":\"https:\/\/www.ffetiquetas.com.br\/blog\/?s={search_term_string}\"},\"query-input\":\"required name=search_term_string\"}],\"inLanguage\":\"pt-BR\"},{\"@type\":\"Organization\",\"@id\":\"https:\/\/www.ffetiquetas.com.br\/blog\/#organization\",\"name\":\"Blog | F&amp;F Etiquetas\",\"url\":\"https:\/\/www.ffetiquetas.com.br\/blog\/\",\"logo\":{\"@type\":\"ImageObject\",\"inLanguage\":\"pt-BR\",\"@id\":\"https:\/\/www.ffetiquetas.com.br\/blog\/#\/schema\/logo\/image\/\",\"url\":\"https:\/\/www.ffetiquetas.com.br\/blog\/wp-content\/uploads\/2024\/07\/logo-1-2.png\",\"contentUrl\":\"https:\/\/www.ffetiquetas.com.br\/blog\/wp-content\/uploads\/2024\/07\/logo-1-2.png\",\"width\":820,\"height\":200,\"caption\":\"Blog | F&amp;F Etiquetas\"},\"image\":{\"@id\":\"https:\/\/www.ffetiquetas.com.br\/blog\/#\/schema\/logo\/image\/\"}},{\"@type\":\"Person\",\"@id\":\"https:\/\/www.ffetiquetas.com.br\/blog\/#\/schema\/person\/40702d9805d9211a8f1d0930f1bcb12c\",\"name\":\"admin\",\"image\":{\"@type\":\"ImageObject\",\"inLanguage\":\"pt-BR\",\"@id\":\"https:\/\/www.ffetiquetas.com.br\/blog\/#\/schema\/person\/image\/\",\"url\":\"https:\/\/secure.gravatar.com\/avatar\/ccfb0e0ad48eefce3b7df49741ce4d74febe9fac574a1e3e08da5d2e920f0105?s=96&d=mm&r=g\",\"contentUrl\":\"https:\/\/secure.gravatar.com\/avatar\/ccfb0e0ad48eefce3b7df49741ce4d74febe9fac574a1e3e08da5d2e920f0105?s=96&d=mm&r=g\",\"caption\":\"admin\"},\"sameAs\":[\"https:\/\/ffetiquetas.com.br\/blog\"],\"url\":\"https:\/\/www.ffetiquetas.com.br\/blog\/author\/admin\/\"}]}<\/script>\n<!-- \/ Yoast SEO plugin. -->","yoast_head_json":{"title":"Etiqueta de costura: conhe\u00e7a a import\u00e2ncia\u00a0 - Blog | F&amp;F Etiquetas","description":"Descubra a import\u00e2ncia da etiqueta de costura para a identifica\u00e7\u00e3o e valoriza\u00e7\u00e3o de pe\u00e7as de vestu\u00e1rio. Aprenda como esse detalhe pode influenciar na percep\u00e7\u00e3o de qualidade e na constru\u00e7\u00e3o da identidade da marca.","robots":{"index":"index","follow":"follow","max-snippet":"max-snippet:-1","max-image-preview":"max-image-preview:large","max-video-preview":"max-video-preview:-1"},"canonical":"https:\/\/www.ffetiquetas.com.br\/blog\/2024\/07\/04\/etiqueta-de-costura-conheca-a-importancia\/","og_locale":"pt_BR","og_type":"article","og_title":"Etiqueta de costura: conhe\u00e7a a import\u00e2ncia\u00a0 - Blog | F&amp;F Etiquetas","og_description":"Descubra a import\u00e2ncia da etiqueta de costura para a identifica\u00e7\u00e3o e valoriza\u00e7\u00e3o de pe\u00e7as de vestu\u00e1rio. Aprenda como esse detalhe pode influenciar na percep\u00e7\u00e3o de qualidade e na constru\u00e7\u00e3o da identidade da marca.","og_url":"https:\/\/www.ffetiquetas.com.br\/blog\/2024\/07\/04\/etiqueta-de-costura-conheca-a-importancia\/","og_site_name":"Blog | F&amp;F Etiquetas","article_published_time":"2024-07-04T17:09:32+00:00","article_modified_time":"2024-07-17T17:15:19+00:00","og_image":[{"width":413,"height":308,"url":"https:\/\/www.ffetiquetas.com.br\/blog\/wp-content\/uploads\/2024\/07\/etiquetas-para-roupas1.jpg","type":"image\/jpeg"}],"author":"admin","twitter_card":"summary_large_image","twitter_misc":{"Escrito por":"admin","Est. tempo de leitura":"4 minutos"},"schema":{"@context":"https:\/\/schema.org","@graph":[{"@type":"Article","@id":"https:\/\/www.ffetiquetas.com.br\/blog\/2024\/07\/04\/etiqueta-de-costura-conheca-a-importancia\/#article","isPartOf":{"@id":"https:\/\/www.ffetiquetas.com.br\/blog\/2024\/07\/04\/etiqueta-de-costura-conheca-a-importancia\/"},"author":{"name":"admin","@id":"https:\/\/www.ffetiquetas.com.br\/blog\/#\/schema\/person\/40702d9805d9211a8f1d0930f1bcb12c"},"headline":"Etiqueta de costura: conhe\u00e7a a import\u00e2ncia\u00a0","datePublished":"2024-07-04T17:09:32+00:00","dateModified":"2024-07-17T17:15:19+00:00","mainEntityOfPage":{"@id":"https:\/\/www.ffetiquetas.com.br\/blog\/2024\/07\/04\/etiqueta-de-costura-conheca-a-importancia\/"},"wordCount":669,"commentCount":0,"publisher":{"@id":"https:\/\/www.ffetiquetas.com.br\/blog\/#organization"},"image":{"@id":"https:\/\/www.ffetiquetas.com.br\/blog\/2024\/07\/04\/etiqueta-de-costura-conheca-a-importancia\/#primaryimage"},"thumbnailUrl":"https:\/\/www.ffetiquetas.com.br\/blog\/wp-content\/uploads\/2024\/07\/etiquetas-para-roupas1.jpg","keywords":["comprar etiqueta de costura","empresa de etiqueta de costura","etiqueta de costura direto da fabrica","etiqueta de costura em Alphaville","etiqueta de costura em Barueri","etiqueta de costura em Carapicuiba","etiqueta de costura em Itapevi","etiqueta de costura em Osasco","etiqueta de costura em promo\u00e7\u00e3o","etiqueta de costura em s\u00e3o paulo","etiqueta de costura em sp","etiqueta de costura na zona norte","etiqueta de costura perto de mim","etiqueta de costura pre\u00e7o","etiqueta de costura pr\u00f3ximo a mim","f\u00e1brica de etiqueta de costura","fabricante de etiqueta de costura","fornecedor de etiqueta de costura","loja de etiqueta de costura"],"articleSection":["Etiquetas"],"inLanguage":"pt-BR","potentialAction":[{"@type":"CommentAction","name":"Comment","target":["https:\/\/www.ffetiquetas.com.br\/blog\/2024\/07\/04\/etiqueta-de-costura-conheca-a-importancia\/#respond"]}]},{"@type":"WebPage","@id":"https:\/\/www.ffetiquetas.com.br\/blog\/2024\/07\/04\/etiqueta-de-costura-conheca-a-importancia\/","url":"https:\/\/www.ffetiquetas.com.br\/blog\/2024\/07\/04\/etiqueta-de-costura-conheca-a-importancia\/","name":"Etiqueta de costura: conhe\u00e7a a import\u00e2ncia\u00a0 - Blog | F&amp;F Etiquetas","isPartOf":{"@id":"https:\/\/www.ffetiquetas.com.br\/blog\/#website"},"primaryImageOfPage":{"@id":"https:\/\/www.ffetiquetas.com.br\/blog\/2024\/07\/04\/etiqueta-de-costura-conheca-a-importancia\/#primaryimage"},"image":{"@id":"https:\/\/www.ffetiquetas.com.br\/blog\/2024\/07\/04\/etiqueta-de-costura-conheca-a-importancia\/#primaryimage"},"thumbnailUrl":"https:\/\/www.ffetiquetas.com.br\/blog\/wp-content\/uploads\/2024\/07\/etiquetas-para-roupas1.jpg","datePublished":"2024-07-04T17:09:32+00:00","dateModified":"2024-07-17T17:15:19+00:00","description":"Descubra a import\u00e2ncia da etiqueta de costura para a identifica\u00e7\u00e3o e valoriza\u00e7\u00e3o de pe\u00e7as de vestu\u00e1rio. Aprenda como esse detalhe pode influenciar na percep\u00e7\u00e3o de qualidade e na constru\u00e7\u00e3o da identidade da marca.","breadcrumb":{"@id":"https:\/\/www.ffetiquetas.com.br\/blog\/2024\/07\/04\/etiqueta-de-costura-conheca-a-importancia\/#breadcrumb"},"inLanguage":"pt-BR","potentialAction":[{"@type":"ReadAction","target":["https:\/\/www.ffetiquetas.com.br\/blog\/2024\/07\/04\/etiqueta-de-costura-conheca-a-importancia\/"]}]},{"@type":"ImageObject","inLanguage":"pt-BR","@id":"https:\/\/www.ffetiquetas.com.br\/blog\/2024\/07\/04\/etiqueta-de-costura-conheca-a-importancia\/#primaryimage","url":"https:\/\/www.ffetiquetas.com.br\/blog\/wp-content\/uploads\/2024\/07\/etiquetas-para-roupas1.jpg","contentUrl":"https:\/\/www.ffetiquetas.com.br\/blog\/wp-content\/uploads\/2024\/07\/etiquetas-para-roupas1.jpg","width":413,"height":308,"caption":"Etiqueta de costura: conhe\u00e7a a import\u00e2ncia"},{"@type":"BreadcrumbList","@id":"https:\/\/www.ffetiquetas.com.br\/blog\/2024\/07\/04\/etiqueta-de-costura-conheca-a-importancia\/#breadcrumb","itemListElement":[{"@type":"ListItem","position":1,"name":"In\u00edcio","item":"https:\/\/www.ffetiquetas.com.br\/blog\/"},{"@type":"ListItem","position":2,"name":"Etiqueta de costura: conhe\u00e7a a import\u00e2ncia\u00a0"}]},{"@type":"WebSite","@id":"https:\/\/www.ffetiquetas.com.br\/blog\/#website","url":"https:\/\/www.ffetiquetas.com.br\/blog\/","name":"Blog | F&amp;F Etiquetas","description":"","publisher":{"@id":"https:\/\/www.ffetiquetas.com.br\/blog\/#organization"},"potentialAction":[{"@type":"SearchAction","target":{"@type":"EntryPoint","urlTemplate":"https:\/\/www.ffetiquetas.com.br\/blog\/?s={search_term_string}"},"query-input":"required name=search_term_string"}],"inLanguage":"pt-BR"},{"@type":"Organization","@id":"https:\/\/www.ffetiquetas.com.br\/blog\/#organization","name":"Blog | F&amp;F Etiquetas","url":"https:\/\/www.ffetiquetas.com.br\/blog\/","logo":{"@type":"ImageObject","inLanguage":"pt-BR","@id":"https:\/\/www.ffetiquetas.com.br\/blog\/#\/schema\/logo\/image\/","url":"https:\/\/www.ffetiquetas.com.br\/blog\/wp-content\/uploads\/2024\/07\/logo-1-2.png","contentUrl":"https:\/\/www.ffetiquetas.com.br\/blog\/wp-content\/uploads\/2024\/07\/logo-1-2.png","width":820,"height":200,"caption":"Blog | F&amp;F Etiquetas"},"image":{"@id":"https:\/\/www.ffetiquetas.com.br\/blog\/#\/schema\/logo\/image\/"}},{"@type":"Person","@id":"https:\/\/www.ffetiquetas.com.br\/blog\/#\/schema\/person\/40702d9805d9211a8f1d0930f1bcb12c","name":"admin","image":{"@type":"ImageObject","inLanguage":"pt-BR","@id":"https:\/\/www.ffetiquetas.com.br\/blog\/#\/schema\/person\/image\/","url":"https:\/\/secure.gravatar.com\/avatar\/ccfb0e0ad48eefce3b7df49741ce4d74febe9fac574a1e3e08da5d2e920f0105?s=96&d=mm&r=g","contentUrl":"https:\/\/secure.gravatar.com\/avatar\/ccfb0e0ad48eefce3b7df49741ce4d74febe9fac574a1e3e08da5d2e920f0105?s=96&d=mm&r=g","caption":"admin"},"sameAs":["https:\/\/ffetiquetas.com.br\/blog"],"url":"https:\/\/www.ffetiquetas.com.br\/blog\/author\/admin\/"}]}},"_links":{"self":[{"href":"https:\/\/www.ffetiquetas.com.br\/blog\/wp-json\/wp\/v2\/posts\/2788","targetHints":{"allow":["GET"]}}],"collection":[{"href":"https:\/\/www.ffetiquetas.com.br\/blog\/wp-json\/wp\/v2\/posts"}],"about":[{"href":"https:\/\/www.ffetiquetas.com.br\/blog\/wp-json\/wp\/v2\/types\/post"}],"author":[{"embeddable":true,"href":"https:\/\/www.ffetiquetas.com.br\/blog\/wp-json\/wp\/v2\/users\/1"}],"replies":[{"embeddable":true,"href":"https:\/\/www.ffetiquetas.com.br\/blog\/wp-json\/wp\/v2\/comments?post=2788"}],"version-history":[{"count":2,"href":"https:\/\/www.ffetiquetas.com.br\/blog\/wp-json\/wp\/v2\/posts\/2788\/revisions"}],"predecessor-version":[{"id":2792,"href":"https:\/\/www.ffetiquetas.com.br\/blog\/wp-json\/wp\/v2\/posts\/2788\/revisions\/2792"}],"wp:featuredmedia":[{"embeddable":true,"href":"https:\/\/www.ffetiquetas.com.br\/blog\/wp-json\/wp\/v2\/media\/2790"}],"wp:attachment":[{"href":"https:\/\/www.ffetiquetas.com.br\/blog\/wp-json\/wp\/v2\/media?parent=2788"}],"wp:term":[{"taxonomy":"category","embeddable":true,"href":"https:\/\/www.ffetiquetas.com.br\/blog\/wp-json\/wp\/v2\/categories?post=2788"},{"taxonomy":"post_tag","embeddable":true,"href":"https:\/\/www.ffetiquetas.com.br\/blog\/wp-json\/wp\/v2\/tags?post=2788"}],"curies":[{"name":"wp","href":"https:\/\/api.w.org\/{rel}","templated":true}]}}