{"id":2751,"date":"2024-04-16T10:28:00","date_gmt":"2024-04-16T13:28:00","guid":{"rendered":"https:\/\/ffetiquetas.com.br\/blog\/?p=2751"},"modified":"2024-07-16T10:29:20","modified_gmt":"2024-07-16T13:29:20","slug":"etiquetas-shein-solucoes-sob-medida","status":"publish","type":"post","link":"https:\/\/www.ffetiquetas.com.br\/blog\/2024\/04\/16\/etiquetas-shein-solucoes-sob-medida\/","title":{"rendered":"Etiquetas Shein: Solu\u00e7\u00f5es sob medida!"},"content":{"rendered":"\n<p class=\"has-medium-font-size\"><strong><em>Descubra como usar etiquetas Shein para organizar seu estoque e melhorar a gest\u00e3o de invent\u00e1rio com efici\u00eancia e praticidade.<\/em><\/strong><\/p>\n\n\n\n<p>No mundo dos neg\u00f3cios, especialmente no setor de moda, a organiza\u00e7\u00e3o e a efici\u00eancia na gest\u00e3o de estoque s\u00e3o cruciais. Para empresas que desejam otimizar esses processos, as etiquetas Shein se apresentam como uma solu\u00e7\u00e3o eficaz.<\/p>\n\n\n\n<p>Essas etiquetas s\u00e3o utilizadas para identificar, categorizar e rastrear produtos, facilitando a opera\u00e7\u00e3o di\u00e1ria das empresas.<\/p>\n\n\n\n<p>As etiquetas Shein s\u00e3o fundamentais para empresas que lidam com grandes volumes de mercadorias. Elas oferecem um meio simples e eficiente de manter o controle sobre os produtos, desde a entrada no estoque at\u00e9 a venda final.<\/p>\n\n\n\n<p>Mas, afinal, o que s\u00e3o exatamente essas etiquetas e qual a sua fun\u00e7\u00e3o principal? Acompanhe a seguir!<\/p>\n\n\n\n<ul class=\"wp-block-list\">\n<li><a href=\"https:\/\/ffetiquetas.com.br\/blog\/2024\/03\/25\/4-principais-erros-em-rotulos-de-produtos\/\">4 principais erros em r\u00f3tulos de produtos<\/a><\/li>\n<\/ul>\n\n\n\n<div id=\"ez-toc-container\" class=\"ez-toc-v2_0_69_1 counter-hierarchy ez-toc-counter ez-toc-grey ez-toc-container-direction\">\n<div class=\"ez-toc-title-container\">\n<p class=\"ez-toc-title\" style=\"cursor:inherit\">O que abordaremos neste artigo:<\/p>\n<span class=\"ez-toc-title-toggle\"><a href=\"#\" class=\"ez-toc-pull-right ez-toc-btn ez-toc-btn-xs ez-toc-btn-default ez-toc-toggle\" aria-label=\"Toggle Table of Content\"><span class=\"ez-toc-js-icon-con\"><span class=\"\"><span class=\"eztoc-hide\" style=\"display:none;\">Toggle<\/span><span class=\"ez-toc-icon-toggle-span\"><svg style=\"fill: #999;color:#999\" xmlns=\"http:\/\/www.w3.org\/2000\/svg\" class=\"list-377408\" width=\"20px\" height=\"20px\" viewBox=\"0 0 24 24\" fill=\"none\"><path d=\"M6 6H4v2h2V6zm14 0H8v2h12V6zM4 11h2v2H4v-2zm16 0H8v2h12v-2zM4 16h2v2H4v-2zm16 0H8v2h12v-2z\" fill=\"currentColor\"><\/path><\/svg><svg style=\"fill: #999;color:#999\" class=\"arrow-unsorted-368013\" xmlns=\"http:\/\/www.w3.org\/2000\/svg\" width=\"10px\" height=\"10px\" viewBox=\"0 0 24 24\" version=\"1.2\" baseProfile=\"tiny\"><path d=\"M18.2 9.3l-6.2-6.3-6.2 6.3c-.2.2-.3.4-.3.7s.1.5.3.7c.2.2.4.3.7.3h11c.3 0 .5-.1.7-.3.2-.2.3-.5.3-.7s-.1-.5-.3-.7zM5.8 14.7l6.2 6.3 6.2-6.3c.2-.2.3-.5.3-.7s-.1-.5-.3-.7c-.2-.2-.4-.3-.7-.3h-11c-.3 0-.5.1-.7.3-.2.2-.3.5-.3.7s.1.5.3.7z\"\/><\/svg><\/span><\/span><\/span><\/a><\/span><\/div>\n<nav><ul class='ez-toc-list ez-toc-list-level-1 ' ><li class='ez-toc-page-1 ez-toc-heading-level-2'><a class=\"ez-toc-link ez-toc-heading-1\" href=\"https:\/\/www.ffetiquetas.com.br\/blog\/2024\/04\/16\/etiquetas-shein-solucoes-sob-medida\/#O_que_sao_e_qual_a_funcao_das_Etiquetas_Shein\" title=\"O que s\u00e3o e qual a fun\u00e7\u00e3o das Etiquetas Shein?\">O que s\u00e3o e qual a fun\u00e7\u00e3o das Etiquetas Shein?<\/a><\/li><li class='ez-toc-page-1 ez-toc-heading-level-2'><a class=\"ez-toc-link ez-toc-heading-2\" href=\"https:\/\/www.ffetiquetas.com.br\/blog\/2024\/04\/16\/etiquetas-shein-solucoes-sob-medida\/#Vantagens_das_etiquetas_Shein\" title=\"Vantagens das etiquetas Shein\">Vantagens das etiquetas Shein<\/a><\/li><li class='ez-toc-page-1 ez-toc-heading-level-2'><a class=\"ez-toc-link ez-toc-heading-3\" href=\"https:\/\/www.ffetiquetas.com.br\/blog\/2024\/04\/16\/etiquetas-shein-solucoes-sob-medida\/#Quais_sao_as_aplicacoes_desse_componente\" title=\"Quais s\u00e3o as aplica\u00e7\u00f5es desse componente?\">Quais s\u00e3o as aplica\u00e7\u00f5es desse componente?<\/a><\/li><li class='ez-toc-page-1 ez-toc-heading-level-2'><a class=\"ez-toc-link ez-toc-heading-4\" href=\"https:\/\/www.ffetiquetas.com.br\/blog\/2024\/04\/16\/etiquetas-shein-solucoes-sob-medida\/#Onde_comprar_etiquetas_Shein_Conheca_a_FF_Etiquetas\" title=\"Onde comprar etiquetas Shein? Conhe\u00e7a a FF Etiquetas!\">Onde comprar etiquetas Shein? Conhe\u00e7a a FF Etiquetas!<\/a><\/li><\/ul><\/nav><\/div>\n<h2 class=\"wp-block-heading\"><span class=\"ez-toc-section\" id=\"O_que_sao_e_qual_a_funcao_das_Etiquetas_Shein\"><\/span>O que s\u00e3o e qual a fun\u00e7\u00e3o das Etiquetas Shein?<span class=\"ez-toc-section-end\"><\/span><\/h2>\n\n\n\n<p>As etiquetas Shein <strong>s\u00e3o identificadores \u00fanicos aplicados a produtos para facilitar seu rastreamento e gest\u00e3o<\/strong>. Elas geralmente cont\u00eam informa\u00e7\u00f5es como o c\u00f3digo do produto, descri\u00e7\u00e3o, tamanho, cor e outros detalhes relevantes que ajudam na organiza\u00e7\u00e3o do invent\u00e1rio.<\/p>\n\n\n<div class=\"wp-block-image\">\n<figure class=\"alignright size-full is-resized\"><img loading=\"lazy\" decoding=\"async\" width=\"1000\" height=\"667\" src=\"https:\/\/ffetiquetas.com.br\/blog\/wp-content\/uploads\/2024\/07\/2147655750.jpg\" alt=\"\" class=\"wp-image-2753\" style=\"width:354px;height:auto\" srcset=\"https:\/\/www.ffetiquetas.com.br\/blog\/wp-content\/uploads\/2024\/07\/2147655750.jpg 1000w, https:\/\/www.ffetiquetas.com.br\/blog\/wp-content\/uploads\/2024\/07\/2147655750-300x200.jpg 300w, https:\/\/www.ffetiquetas.com.br\/blog\/wp-content\/uploads\/2024\/07\/2147655750-768x512.jpg 768w\" sizes=\"auto, (max-width: 1000px) 100vw, 1000px\" \/><\/figure>\n<\/div>\n\n\n<p>A principal fun\u00e7\u00e3o dessas etiquetas \u00e9 permitir uma gest\u00e3o mais eficiente do estoque, reduzindo erros e aumentando a produtividade.<\/p>\n\n\n\n<p>Ao utilizar etiquetas Shein, as empresas podem facilmente identificar cada item em seu invent\u00e1rio, garantindo que todos os produtos sejam catalogados corretamente. Isso \u00e9 especialmente importante em grandes armaz\u00e9ns ou lojas com um vasto n\u00famero de produtos, onde a confus\u00e3o e os erros podem ocorrer facilmente.<\/p>\n\n\n\n<p>Al\u00e9m disso, esses componentes s\u00e3o integradas a sistemas de gest\u00e3o de invent\u00e1rio, permitindo que as empresas monitorem em tempo real a entrada e sa\u00edda de produtos.<\/p>\n\n\n\n<p>Isso proporciona uma vis\u00e3o clara e atualizada do estoque, facilitando a tomada de decis\u00f5es estrat\u00e9gicas e operacionais.<\/p>\n\n\n\n<ul class=\"wp-block-list\">\n<li><a href=\"https:\/\/ffetiquetas.com.br\/blog\/2024\/03\/22\/o-que-sao-etiquetas-bopp\/\">O que s\u00e3o etiquetas BOPP?<\/a><\/li>\n<\/ul>\n\n\n\n<h2 class=\"wp-block-heading\"><span class=\"ez-toc-section\" id=\"Vantagens_das_etiquetas_Shein\"><\/span>Vantagens das etiquetas Shein<span class=\"ez-toc-section-end\"><\/span><\/h2>\n\n\n\n<p>Implementar etiquetas Shein no seu sistema de gest\u00e3o de estoque traz diversas vantagens. Primeiramente, elas aumentam a precis\u00e3o na contagem de invent\u00e1rio. Com cada produto identificado de maneira \u00fanica, a probabilidade de erros \u00e9 significativamente reduzida.<\/p>\n\n\n\n<p>Outra vantagem \u00e9 a economia de tempo. A utiliza\u00e7\u00e3o de etiquetas Shein agiliza o processo de cataloga\u00e7\u00e3o e rastreamento de produtos, permitindo que os funcion\u00e1rios realizem suas tarefas de maneira mais r\u00e1pida e eficiente. Isso resulta em maior produtividade e, consequentemente, em redu\u00e7\u00e3o de custos operacionais.<\/p>\n\n\n\n<p>Al\u00e9m disso, as etiquetas Shein contribuem para uma melhor organiza\u00e7\u00e3o do estoque. Com um sistema de etiquetagem bem implementado, \u00e9 poss\u00edvel manter o armaz\u00e9m mais organizado, facilitando a localiza\u00e7\u00e3o dos produtos.<\/p>\n\n\n\n<p>Isso n\u00e3o s\u00f3 melhora a efici\u00eancia operacional, mas tamb\u00e9m ajuda a proporcionar um melhor atendimento ao cliente, uma vez que os pedidos podem ser processados e enviados mais rapidamente.<\/p>\n\n\n\n<p>As etiquetas Shein tamb\u00e9m s\u00e3o ben\u00e9ficas em termos de seguran\u00e7a. Ao manter um controle rigoroso sobre o invent\u00e1rio, \u00e9 poss\u00edvel identificar rapidamente qualquer discrep\u00e2ncia ou perda de produtos, permitindo que medidas corretivas sejam tomadas imediatamente.<\/p>\n\n\n\n<ul class=\"wp-block-list\">\n<li><a href=\"https:\/\/ffetiquetas.com.br\/blog\/2024\/03\/15\/como-funciona-etiquetas-transfer-para-roupas-2024\/\">Como funciona etiquetas transfer para roupas? [2024]<\/a><\/li>\n<\/ul>\n\n\n\n<h2 class=\"wp-block-heading\"><span class=\"ez-toc-section\" id=\"Quais_sao_as_aplicacoes_desse_componente\"><\/span>Quais s\u00e3o as aplica\u00e7\u00f5es desse componente?<span class=\"ez-toc-section-end\"><\/span><\/h2>\n\n\n\n<p>As etiquetas Shein t\u00eam uma ampla gama de aplica\u00e7\u00f5es no setor de moda e al\u00e9m. Elas podem ser utilizadas em armaz\u00e9ns, lojas f\u00edsicas e at\u00e9 mesmo em opera\u00e7\u00f5es de e-commerce.<\/p>\n\n\n\n<p>Nos armaz\u00e9ns, as etiquetas facilitam a gest\u00e3o de grandes quantidades de produtos, permitindo um controle mais preciso e eficiente.<\/p>\n\n\n\n<p>Nas lojas f\u00edsicas, as etiquetas Shein ajudam a manter a organiza\u00e7\u00e3o do estoque, tornando mais f\u00e1cil para os funcion\u00e1rios localizar e repor produtos nas prateleiras. Isso n\u00e3o s\u00f3 melhora a efici\u00eancia operacional, mas tamb\u00e9m proporciona uma experi\u00eancia de compra mais satisfat\u00f3ria para os clientes.<\/p>\n\n\n\n<p>Para opera\u00e7\u00f5es de e-commerce, as etiquetas s\u00e3o essenciais para o processamento de pedidos.<\/p>\n\n\n\n<p>Com um sistema de etiquetagem eficiente, \u00e9 poss\u00edvel rastrear cada produto desde o momento em que \u00e9 adicionado ao estoque at\u00e9 a entrega ao cliente final. Isso garante que os pedidos sejam processados de maneira r\u00e1pida e precisa, aumentando a satisfa\u00e7\u00e3o do cliente e a fidelidade \u00e0 marca.<\/p>\n\n\n\n<p>As etiquetas Shein tamb\u00e9m podem ser utilizadas para fins de marketing e promo\u00e7\u00e3o. Ao identificar produtos espec\u00edficos com etiquetas promocionais, as empresas podem facilmente destacar itens em promo\u00e7\u00e3o, facilitando a vida dos clientes e aumentando as vendas.<\/p>\n\n\n\n<ul class=\"wp-block-list\">\n<li><a href=\"https:\/\/ffetiquetas.com.br\/blog\/2024\/02\/20\/rotulos-clean-label-como-isso-impacta-a-sua-marca\/\">R\u00f3tulos Clean Label, como isso impacta a sua marca?<\/a><\/li>\n<\/ul>\n\n\n\n<h2 class=\"wp-block-heading\"><span class=\"ez-toc-section\" id=\"Onde_comprar_etiquetas_Shein_Conheca_a_FF_Etiquetas\"><\/span>Onde comprar etiquetas Shein? Conhe\u00e7a a FF Etiquetas!<span class=\"ez-toc-section-end\"><\/span><\/h2>\n\n\n\n<p>A FF Etiquetas se destaca como a empresa ideal para a compra de etiquetas Shein. Fundada em outubro de 1994, a FF Etiquetas possui mais de 25 anos de experi\u00eancia no ramo gr\u00e1fico, especializando-se na impress\u00e3o de dados vari\u00e1veis.<\/p>\n\n\n\n<p>A empresa se tornou parceira e fornecedora homologada para produzir etiquetas para uma das maiores redes de lojas do pa\u00eds, sendo homologada em mais de 110 lojas varejistas de vestu\u00e1rio pelo Brasil e atendendo clientes em pelo menos tr\u00eas pa\u00edses.<\/p>\n\n\n\n<p>A FF Etiquetas oferece uma ampla gama de produtos de alta qualidade, incluindo:<\/p>\n\n\n\n<p><strong>Etiquetas de costura<\/strong>:<\/p>\n\n\n\n<p>Tamb\u00e9m conhecidas como etiquetas de composi\u00e7\u00e3o, essas etiquetas fornecem informa\u00e7\u00f5es exigidas pela ABNT, como nome do fabricante, CNPJ, composi\u00e7\u00e3o da pe\u00e7a, cuidados de lavagem e tamanho.<\/p>\n\n\n\n<p>Elas s\u00e3o feitas de materiais suaves ao toque, como nylon tafet\u00e1 e cetim, proporcionando conforto ao usu\u00e1rio.<\/p>\n\n\n\n<p><strong>Etiquetas de identifica\u00e7\u00e3o interna<\/strong>:<\/p>\n\n\n\n<p>Utilizadas para controle interno durante a confec\u00e7\u00e3o das pe\u00e7as, essas etiquetas cont\u00eam informa\u00e7\u00f5es como c\u00f3digo de produ\u00e7\u00e3o, n\u00famero de oficina, data de fabrica\u00e7\u00e3o e revis\u00e3o do tecido.<\/p>\n\n\n\n<p><strong>Etiquetas adesivas de tamanho<\/strong>:<\/p>\n\n\n\n<p>Ideais para a identifica\u00e7\u00e3o de produtos nos estoques de confec\u00e7\u00f5es e lojas, garantindo organiza\u00e7\u00e3o e visibilidade.<\/p>\n\n\n\n<p>Al\u00e9m disso, a FF Etiquetas oferece etiquetas personalizadas para roupas \u00edntimas, atendendo a todas as normas de higiene e garantindo conforto e prote\u00e7\u00e3o. A empresa se destaca pela flexibilidade e personaliza\u00e7\u00e3o incompar\u00e1veis de seus produtos, utilizando materiais de alta qualidade.<\/p>\n\n\n\n<p>Se voc\u00ea deseja otimizar a gest\u00e3o de seu estoque e melhorar a qualidade de seus produtos, a FF Etiquetas \u00e9 a escolha certa. Entre em contato com a FF Etiquetas hoje mesmo e descubra como suas etiquetas podem fazer a diferen\u00e7a no seu neg\u00f3cio!<\/p>\n","protected":false},"excerpt":{"rendered":"<p>Descubra como usar etiquetas Shein para organizar seu estoque e melhorar a gest\u00e3o de invent\u00e1rio com efici\u00eancia e praticidade. No mundo dos neg\u00f3cios, especialmente no setor de moda, a organiza\u00e7\u00e3o e a efici\u00eancia na gest\u00e3o de estoque s\u00e3o cruciais. Para empresas que desejam otimizar esses processos, as etiquetas Shein se apresentam como uma solu\u00e7\u00e3o eficaz. &hellip; <\/p>\n","protected":false},"author":1,"featured_media":2752,"comment_status":"open","ping_status":"open","sticky":false,"template":"","format":"standard","meta":{"footnotes":""},"categories":[6],"tags":[35,45,48,41,50,49,44,40,43,42,33,32,46,36,47,31,39,38,37,34],"class_list":["post-2751","post","type-post","status-publish","format-standard","has-post-thumbnail","hentry","category-etiquetas","tag-empresa-de-etiquetas","tag-etiquetas-direto-da-fabrica","tag-etiquetas-em-alphaville","tag-etiquetas-em-barueri","tag-etiquetas-em-carapicuiba","tag-etiquetas-em-itapevi","tag-etiquetas-em-promocao","tag-etiquetas-em-sao-paulo","tag-etiquetas-em-sp","tag-etiquetas-na-zona-norte","tag-etiquetas-para-roupa","tag-etiquetas-para-vestuario","tag-etiquetas-perto-de-mim","tag-etiquetas-preco","tag-etiquetas-proximo-a-mim","tag-etiquetas-shein","tag-fabrica-de-etiquetas","tag-fabricante-de-etiquetas","tag-fornecedor-de-etiquetas","tag-loja-de-etiquetas","latest_post"],"yoast_head":"<!-- This site is optimized with the Yoast SEO plugin v23.0 - https:\/\/yoast.com\/wordpress\/plugins\/seo\/ -->\n<title>Etiquetas Shein: Solu\u00e7\u00f5es sob medida! - Blog | F&amp;F Etiquetas<\/title>\n<meta name=\"description\" content=\"Descubra como usar etiquetas Shein para organizar seu estoque e melhorar a gest\u00e3o de invent\u00e1rio com efici\u00eancia e praticidade.\" \/>\n<meta name=\"robots\" content=\"index, follow, max-snippet:-1, max-image-preview:large, max-video-preview:-1\" \/>\n<link rel=\"canonical\" href=\"https:\/\/www.ffetiquetas.com.br\/blog\/2024\/04\/16\/etiquetas-shein-solucoes-sob-medida\/\" \/>\n<meta property=\"og:locale\" content=\"pt_BR\" \/>\n<meta property=\"og:type\" content=\"article\" \/>\n<meta property=\"og:title\" content=\"Etiquetas Shein: Solu\u00e7\u00f5es sob medida! - Blog | F&amp;F Etiquetas\" \/>\n<meta property=\"og:description\" content=\"Descubra como usar etiquetas Shein para organizar seu estoque e melhorar a gest\u00e3o de invent\u00e1rio com efici\u00eancia e praticidade.\" \/>\n<meta property=\"og:url\" content=\"https:\/\/www.ffetiquetas.com.br\/blog\/2024\/04\/16\/etiquetas-shein-solucoes-sob-medida\/\" \/>\n<meta property=\"og:site_name\" content=\"Blog | F&amp;F Etiquetas\" \/>\n<meta property=\"article:published_time\" content=\"2024-04-16T13:28:00+00:00\" \/>\n<meta property=\"article:modified_time\" content=\"2024-07-16T13:29:20+00:00\" \/>\n<meta property=\"og:image\" content=\"https:\/\/www.ffetiquetas.com.br\/blog\/wp-content\/uploads\/2024\/07\/718413_Retro_Tags_09_150ppp-01-e1721136424147.jpg\" \/>\n\t<meta property=\"og:image:width\" content=\"1683\" \/>\n\t<meta property=\"og:image:height\" content=\"1537\" \/>\n\t<meta property=\"og:image:type\" content=\"image\/jpeg\" \/>\n<meta name=\"author\" content=\"admin\" \/>\n<meta name=\"twitter:card\" content=\"summary_large_image\" \/>\n<meta name=\"twitter:label1\" content=\"Escrito por\" \/>\n\t<meta name=\"twitter:data1\" content=\"admin\" \/>\n\t<meta name=\"twitter:label2\" content=\"Est. tempo de leitura\" \/>\n\t<meta name=\"twitter:data2\" content=\"6 minutos\" \/>\n<script type=\"application\/ld+json\" class=\"yoast-schema-graph\">{\"@context\":\"https:\/\/schema.org\",\"@graph\":[{\"@type\":\"Article\",\"@id\":\"https:\/\/www.ffetiquetas.com.br\/blog\/2024\/04\/16\/etiquetas-shein-solucoes-sob-medida\/#article\",\"isPartOf\":{\"@id\":\"https:\/\/www.ffetiquetas.com.br\/blog\/2024\/04\/16\/etiquetas-shein-solucoes-sob-medida\/\"},\"author\":{\"name\":\"admin\",\"@id\":\"https:\/\/www.ffetiquetas.com.br\/blog\/#\/schema\/person\/40702d9805d9211a8f1d0930f1bcb12c\"},\"headline\":\"Etiquetas Shein: Solu\u00e7\u00f5es sob medida!\",\"datePublished\":\"2024-04-16T13:28:00+00:00\",\"dateModified\":\"2024-07-16T13:29:20+00:00\",\"mainEntityOfPage\":{\"@id\":\"https:\/\/www.ffetiquetas.com.br\/blog\/2024\/04\/16\/etiquetas-shein-solucoes-sob-medida\/\"},\"wordCount\":1087,\"commentCount\":0,\"publisher\":{\"@id\":\"https:\/\/www.ffetiquetas.com.br\/blog\/#organization\"},\"image\":{\"@id\":\"https:\/\/www.ffetiquetas.com.br\/blog\/2024\/04\/16\/etiquetas-shein-solucoes-sob-medida\/#primaryimage\"},\"thumbnailUrl\":\"https:\/\/www.ffetiquetas.com.br\/blog\/wp-content\/uploads\/2024\/07\/718413_Retro_Tags_09_150ppp-01-e1721136424147.jpg\",\"keywords\":[\"empresa de etiquetas\",\"etiquetas direto da fabrica\",\"etiquetas em Alphaville\",\"etiquetas em Barueri\",\"etiquetas em Carapicuiba\",\"etiquetas em Itapevi\",\"etiquetas em promo\u00e7\u00e3o\",\"etiquetas em s\u00e3o paulo\",\"etiquetas em sp\",\"etiquetas na zona norte\",\"Etiquetas para roupa\",\"Etiquetas para vestu\u00e1rio\",\"etiquetas perto de mim\",\"etiquetas pre\u00e7o\",\"etiquetas pr\u00f3ximo a mim\",\"Etiquetas Shein\",\"f\u00e1brica de etiquetas\",\"fabricante de etiquetas\",\"fornecedor de etiquetas\",\"loja de etiquetas\"],\"articleSection\":[\"Etiquetas\"],\"inLanguage\":\"pt-BR\",\"potentialAction\":[{\"@type\":\"CommentAction\",\"name\":\"Comment\",\"target\":[\"https:\/\/www.ffetiquetas.com.br\/blog\/2024\/04\/16\/etiquetas-shein-solucoes-sob-medida\/#respond\"]}]},{\"@type\":\"WebPage\",\"@id\":\"https:\/\/www.ffetiquetas.com.br\/blog\/2024\/04\/16\/etiquetas-shein-solucoes-sob-medida\/\",\"url\":\"https:\/\/www.ffetiquetas.com.br\/blog\/2024\/04\/16\/etiquetas-shein-solucoes-sob-medida\/\",\"name\":\"Etiquetas Shein: Solu\u00e7\u00f5es sob medida! - Blog | F&amp;F Etiquetas\",\"isPartOf\":{\"@id\":\"https:\/\/www.ffetiquetas.com.br\/blog\/#website\"},\"primaryImageOfPage\":{\"@id\":\"https:\/\/www.ffetiquetas.com.br\/blog\/2024\/04\/16\/etiquetas-shein-solucoes-sob-medida\/#primaryimage\"},\"image\":{\"@id\":\"https:\/\/www.ffetiquetas.com.br\/blog\/2024\/04\/16\/etiquetas-shein-solucoes-sob-medida\/#primaryimage\"},\"thumbnailUrl\":\"https:\/\/www.ffetiquetas.com.br\/blog\/wp-content\/uploads\/2024\/07\/718413_Retro_Tags_09_150ppp-01-e1721136424147.jpg\",\"datePublished\":\"2024-04-16T13:28:00+00:00\",\"dateModified\":\"2024-07-16T13:29:20+00:00\",\"description\":\"Descubra como usar etiquetas Shein para organizar seu estoque e melhorar a gest\u00e3o de invent\u00e1rio com efici\u00eancia e praticidade.\",\"breadcrumb\":{\"@id\":\"https:\/\/www.ffetiquetas.com.br\/blog\/2024\/04\/16\/etiquetas-shein-solucoes-sob-medida\/#breadcrumb\"},\"inLanguage\":\"pt-BR\",\"potentialAction\":[{\"@type\":\"ReadAction\",\"target\":[\"https:\/\/www.ffetiquetas.com.br\/blog\/2024\/04\/16\/etiquetas-shein-solucoes-sob-medida\/\"]}]},{\"@type\":\"ImageObject\",\"inLanguage\":\"pt-BR\",\"@id\":\"https:\/\/www.ffetiquetas.com.br\/blog\/2024\/04\/16\/etiquetas-shein-solucoes-sob-medida\/#primaryimage\",\"url\":\"https:\/\/www.ffetiquetas.com.br\/blog\/wp-content\/uploads\/2024\/07\/718413_Retro_Tags_09_150ppp-01-e1721136424147.jpg\",\"contentUrl\":\"https:\/\/www.ffetiquetas.com.br\/blog\/wp-content\/uploads\/2024\/07\/718413_Retro_Tags_09_150ppp-01-e1721136424147.jpg\",\"width\":1683,\"height\":1537,\"caption\":\"O que \u00e9 um tag personalizado? Conhe\u00e7a as caracter\u00edsticas deste produto\"},{\"@type\":\"BreadcrumbList\",\"@id\":\"https:\/\/www.ffetiquetas.com.br\/blog\/2024\/04\/16\/etiquetas-shein-solucoes-sob-medida\/#breadcrumb\",\"itemListElement\":[{\"@type\":\"ListItem\",\"position\":1,\"name\":\"In\u00edcio\",\"item\":\"https:\/\/www.ffetiquetas.com.br\/blog\/\"},{\"@type\":\"ListItem\",\"position\":2,\"name\":\"Etiquetas Shein: Solu\u00e7\u00f5es sob medida!\"}]},{\"@type\":\"WebSite\",\"@id\":\"https:\/\/www.ffetiquetas.com.br\/blog\/#website\",\"url\":\"https:\/\/www.ffetiquetas.com.br\/blog\/\",\"name\":\"Blog | F&amp;F Etiquetas\",\"description\":\"\",\"publisher\":{\"@id\":\"https:\/\/www.ffetiquetas.com.br\/blog\/#organization\"},\"potentialAction\":[{\"@type\":\"SearchAction\",\"target\":{\"@type\":\"EntryPoint\",\"urlTemplate\":\"https:\/\/www.ffetiquetas.com.br\/blog\/?s={search_term_string}\"},\"query-input\":\"required name=search_term_string\"}],\"inLanguage\":\"pt-BR\"},{\"@type\":\"Organization\",\"@id\":\"https:\/\/www.ffetiquetas.com.br\/blog\/#organization\",\"name\":\"Blog | F&amp;F Etiquetas\",\"url\":\"https:\/\/www.ffetiquetas.com.br\/blog\/\",\"logo\":{\"@type\":\"ImageObject\",\"inLanguage\":\"pt-BR\",\"@id\":\"https:\/\/www.ffetiquetas.com.br\/blog\/#\/schema\/logo\/image\/\",\"url\":\"https:\/\/www.ffetiquetas.com.br\/blog\/wp-content\/uploads\/2024\/07\/logo-1-2.png\",\"contentUrl\":\"https:\/\/www.ffetiquetas.com.br\/blog\/wp-content\/uploads\/2024\/07\/logo-1-2.png\",\"width\":820,\"height\":200,\"caption\":\"Blog | F&amp;F Etiquetas\"},\"image\":{\"@id\":\"https:\/\/www.ffetiquetas.com.br\/blog\/#\/schema\/logo\/image\/\"}},{\"@type\":\"Person\",\"@id\":\"https:\/\/www.ffetiquetas.com.br\/blog\/#\/schema\/person\/40702d9805d9211a8f1d0930f1bcb12c\",\"name\":\"admin\",\"image\":{\"@type\":\"ImageObject\",\"inLanguage\":\"pt-BR\",\"@id\":\"https:\/\/www.ffetiquetas.com.br\/blog\/#\/schema\/person\/image\/\",\"url\":\"https:\/\/secure.gravatar.com\/avatar\/ccfb0e0ad48eefce3b7df49741ce4d74febe9fac574a1e3e08da5d2e920f0105?s=96&d=mm&r=g\",\"contentUrl\":\"https:\/\/secure.gravatar.com\/avatar\/ccfb0e0ad48eefce3b7df49741ce4d74febe9fac574a1e3e08da5d2e920f0105?s=96&d=mm&r=g\",\"caption\":\"admin\"},\"sameAs\":[\"https:\/\/ffetiquetas.com.br\/blog\"],\"url\":\"https:\/\/www.ffetiquetas.com.br\/blog\/author\/admin\/\"}]}<\/script>\n<!-- \/ Yoast SEO plugin. -->","yoast_head_json":{"title":"Etiquetas Shein: Solu\u00e7\u00f5es sob medida! - Blog | F&amp;F Etiquetas","description":"Descubra como usar etiquetas Shein para organizar seu estoque e melhorar a gest\u00e3o de invent\u00e1rio com efici\u00eancia e praticidade.","robots":{"index":"index","follow":"follow","max-snippet":"max-snippet:-1","max-image-preview":"max-image-preview:large","max-video-preview":"max-video-preview:-1"},"canonical":"https:\/\/www.ffetiquetas.com.br\/blog\/2024\/04\/16\/etiquetas-shein-solucoes-sob-medida\/","og_locale":"pt_BR","og_type":"article","og_title":"Etiquetas Shein: Solu\u00e7\u00f5es sob medida! - Blog | F&amp;F Etiquetas","og_description":"Descubra como usar etiquetas Shein para organizar seu estoque e melhorar a gest\u00e3o de invent\u00e1rio com efici\u00eancia e praticidade.","og_url":"https:\/\/www.ffetiquetas.com.br\/blog\/2024\/04\/16\/etiquetas-shein-solucoes-sob-medida\/","og_site_name":"Blog | F&amp;F Etiquetas","article_published_time":"2024-04-16T13:28:00+00:00","article_modified_time":"2024-07-16T13:29:20+00:00","og_image":[{"width":1683,"height":1537,"url":"https:\/\/www.ffetiquetas.com.br\/blog\/wp-content\/uploads\/2024\/07\/718413_Retro_Tags_09_150ppp-01-e1721136424147.jpg","type":"image\/jpeg"}],"author":"admin","twitter_card":"summary_large_image","twitter_misc":{"Escrito por":"admin","Est. tempo de leitura":"6 minutos"},"schema":{"@context":"https:\/\/schema.org","@graph":[{"@type":"Article","@id":"https:\/\/www.ffetiquetas.com.br\/blog\/2024\/04\/16\/etiquetas-shein-solucoes-sob-medida\/#article","isPartOf":{"@id":"https:\/\/www.ffetiquetas.com.br\/blog\/2024\/04\/16\/etiquetas-shein-solucoes-sob-medida\/"},"author":{"name":"admin","@id":"https:\/\/www.ffetiquetas.com.br\/blog\/#\/schema\/person\/40702d9805d9211a8f1d0930f1bcb12c"},"headline":"Etiquetas Shein: Solu\u00e7\u00f5es sob medida!","datePublished":"2024-04-16T13:28:00+00:00","dateModified":"2024-07-16T13:29:20+00:00","mainEntityOfPage":{"@id":"https:\/\/www.ffetiquetas.com.br\/blog\/2024\/04\/16\/etiquetas-shein-solucoes-sob-medida\/"},"wordCount":1087,"commentCount":0,"publisher":{"@id":"https:\/\/www.ffetiquetas.com.br\/blog\/#organization"},"image":{"@id":"https:\/\/www.ffetiquetas.com.br\/blog\/2024\/04\/16\/etiquetas-shein-solucoes-sob-medida\/#primaryimage"},"thumbnailUrl":"https:\/\/www.ffetiquetas.com.br\/blog\/wp-content\/uploads\/2024\/07\/718413_Retro_Tags_09_150ppp-01-e1721136424147.jpg","keywords":["empresa de etiquetas","etiquetas direto da fabrica","etiquetas em Alphaville","etiquetas em Barueri","etiquetas em Carapicuiba","etiquetas em Itapevi","etiquetas em promo\u00e7\u00e3o","etiquetas em s\u00e3o paulo","etiquetas em sp","etiquetas na zona norte","Etiquetas para roupa","Etiquetas para vestu\u00e1rio","etiquetas perto de mim","etiquetas pre\u00e7o","etiquetas pr\u00f3ximo a mim","Etiquetas Shein","f\u00e1brica de etiquetas","fabricante de etiquetas","fornecedor de etiquetas","loja de etiquetas"],"articleSection":["Etiquetas"],"inLanguage":"pt-BR","potentialAction":[{"@type":"CommentAction","name":"Comment","target":["https:\/\/www.ffetiquetas.com.br\/blog\/2024\/04\/16\/etiquetas-shein-solucoes-sob-medida\/#respond"]}]},{"@type":"WebPage","@id":"https:\/\/www.ffetiquetas.com.br\/blog\/2024\/04\/16\/etiquetas-shein-solucoes-sob-medida\/","url":"https:\/\/www.ffetiquetas.com.br\/blog\/2024\/04\/16\/etiquetas-shein-solucoes-sob-medida\/","name":"Etiquetas Shein: Solu\u00e7\u00f5es sob medida! - Blog | F&amp;F Etiquetas","isPartOf":{"@id":"https:\/\/www.ffetiquetas.com.br\/blog\/#website"},"primaryImageOfPage":{"@id":"https:\/\/www.ffetiquetas.com.br\/blog\/2024\/04\/16\/etiquetas-shein-solucoes-sob-medida\/#primaryimage"},"image":{"@id":"https:\/\/www.ffetiquetas.com.br\/blog\/2024\/04\/16\/etiquetas-shein-solucoes-sob-medida\/#primaryimage"},"thumbnailUrl":"https:\/\/www.ffetiquetas.com.br\/blog\/wp-content\/uploads\/2024\/07\/718413_Retro_Tags_09_150ppp-01-e1721136424147.jpg","datePublished":"2024-04-16T13:28:00+00:00","dateModified":"2024-07-16T13:29:20+00:00","description":"Descubra como usar etiquetas Shein para organizar seu estoque e melhorar a gest\u00e3o de invent\u00e1rio com efici\u00eancia e praticidade.","breadcrumb":{"@id":"https:\/\/www.ffetiquetas.com.br\/blog\/2024\/04\/16\/etiquetas-shein-solucoes-sob-medida\/#breadcrumb"},"inLanguage":"pt-BR","potentialAction":[{"@type":"ReadAction","target":["https:\/\/www.ffetiquetas.com.br\/blog\/2024\/04\/16\/etiquetas-shein-solucoes-sob-medida\/"]}]},{"@type":"ImageObject","inLanguage":"pt-BR","@id":"https:\/\/www.ffetiquetas.com.br\/blog\/2024\/04\/16\/etiquetas-shein-solucoes-sob-medida\/#primaryimage","url":"https:\/\/www.ffetiquetas.com.br\/blog\/wp-content\/uploads\/2024\/07\/718413_Retro_Tags_09_150ppp-01-e1721136424147.jpg","contentUrl":"https:\/\/www.ffetiquetas.com.br\/blog\/wp-content\/uploads\/2024\/07\/718413_Retro_Tags_09_150ppp-01-e1721136424147.jpg","width":1683,"height":1537,"caption":"O que \u00e9 um tag personalizado? Conhe\u00e7a as caracter\u00edsticas deste produto"},{"@type":"BreadcrumbList","@id":"https:\/\/www.ffetiquetas.com.br\/blog\/2024\/04\/16\/etiquetas-shein-solucoes-sob-medida\/#breadcrumb","itemListElement":[{"@type":"ListItem","position":1,"name":"In\u00edcio","item":"https:\/\/www.ffetiquetas.com.br\/blog\/"},{"@type":"ListItem","position":2,"name":"Etiquetas Shein: Solu\u00e7\u00f5es sob medida!"}]},{"@type":"WebSite","@id":"https:\/\/www.ffetiquetas.com.br\/blog\/#website","url":"https:\/\/www.ffetiquetas.com.br\/blog\/","name":"Blog | F&amp;F Etiquetas","description":"","publisher":{"@id":"https:\/\/www.ffetiquetas.com.br\/blog\/#organization"},"potentialAction":[{"@type":"SearchAction","target":{"@type":"EntryPoint","urlTemplate":"https:\/\/www.ffetiquetas.com.br\/blog\/?s={search_term_string}"},"query-input":"required name=search_term_string"}],"inLanguage":"pt-BR"},{"@type":"Organization","@id":"https:\/\/www.ffetiquetas.com.br\/blog\/#organization","name":"Blog | F&amp;F Etiquetas","url":"https:\/\/www.ffetiquetas.com.br\/blog\/","logo":{"@type":"ImageObject","inLanguage":"pt-BR","@id":"https:\/\/www.ffetiquetas.com.br\/blog\/#\/schema\/logo\/image\/","url":"https:\/\/www.ffetiquetas.com.br\/blog\/wp-content\/uploads\/2024\/07\/logo-1-2.png","contentUrl":"https:\/\/www.ffetiquetas.com.br\/blog\/wp-content\/uploads\/2024\/07\/logo-1-2.png","width":820,"height":200,"caption":"Blog | F&amp;F Etiquetas"},"image":{"@id":"https:\/\/www.ffetiquetas.com.br\/blog\/#\/schema\/logo\/image\/"}},{"@type":"Person","@id":"https:\/\/www.ffetiquetas.com.br\/blog\/#\/schema\/person\/40702d9805d9211a8f1d0930f1bcb12c","name":"admin","image":{"@type":"ImageObject","inLanguage":"pt-BR","@id":"https:\/\/www.ffetiquetas.com.br\/blog\/#\/schema\/person\/image\/","url":"https:\/\/secure.gravatar.com\/avatar\/ccfb0e0ad48eefce3b7df49741ce4d74febe9fac574a1e3e08da5d2e920f0105?s=96&d=mm&r=g","contentUrl":"https:\/\/secure.gravatar.com\/avatar\/ccfb0e0ad48eefce3b7df49741ce4d74febe9fac574a1e3e08da5d2e920f0105?s=96&d=mm&r=g","caption":"admin"},"sameAs":["https:\/\/ffetiquetas.com.br\/blog"],"url":"https:\/\/www.ffetiquetas.com.br\/blog\/author\/admin\/"}]}},"_links":{"self":[{"href":"https:\/\/www.ffetiquetas.com.br\/blog\/wp-json\/wp\/v2\/posts\/2751","targetHints":{"allow":["GET"]}}],"collection":[{"href":"https:\/\/www.ffetiquetas.com.br\/blog\/wp-json\/wp\/v2\/posts"}],"about":[{"href":"https:\/\/www.ffetiquetas.com.br\/blog\/wp-json\/wp\/v2\/types\/post"}],"author":[{"embeddable":true,"href":"https:\/\/www.ffetiquetas.com.br\/blog\/wp-json\/wp\/v2\/users\/1"}],"replies":[{"embeddable":true,"href":"https:\/\/www.ffetiquetas.com.br\/blog\/wp-json\/wp\/v2\/comments?post=2751"}],"version-history":[{"count":1,"href":"https:\/\/www.ffetiquetas.com.br\/blog\/wp-json\/wp\/v2\/posts\/2751\/revisions"}],"predecessor-version":[{"id":2754,"href":"https:\/\/www.ffetiquetas.com.br\/blog\/wp-json\/wp\/v2\/posts\/2751\/revisions\/2754"}],"wp:featuredmedia":[{"embeddable":true,"href":"https:\/\/www.ffetiquetas.com.br\/blog\/wp-json\/wp\/v2\/media\/2752"}],"wp:attachment":[{"href":"https:\/\/www.ffetiquetas.com.br\/blog\/wp-json\/wp\/v2\/media?parent=2751"}],"wp:term":[{"taxonomy":"category","embeddable":true,"href":"https:\/\/www.ffetiquetas.com.br\/blog\/wp-json\/wp\/v2\/categories?post=2751"},{"taxonomy":"post_tag","embeddable":true,"href":"https:\/\/www.ffetiquetas.com.br\/blog\/wp-json\/wp\/v2\/tags?post=2751"}],"curies":[{"name":"wp","href":"https:\/\/api.w.org\/{rel}","templated":true}]}}