{"id":1291,"date":"2023-07-03T13:28:38","date_gmt":"2023-07-03T16:28:38","guid":{"rendered":"https:\/\/www.ffetiquetas.com.br\/?p=1291"},"modified":"2023-07-03T13:28:38","modified_gmt":"2023-07-03T16:28:38","slug":"etiqueta-termica","status":"publish","type":"post","link":"https:\/\/www.ffetiquetas.com.br\/blog\/2023\/07\/03\/etiqueta-termica\/","title":{"rendered":"<strong>Por que utilizar a etiqueta t\u00e9rmica no seu neg\u00f3cio? Confira!<\/strong>"},"content":{"rendered":"\n<p>Todo e qualquer empreendedor j\u00e1 sabe: as etiquetas possuem um papel essencial na identifica\u00e7\u00e3o, na divulga\u00e7\u00e3o e na <a href=\"https:\/\/www.ffetiquetas.com.br\/2023\/05\/30\/marketing-de-produto\/\" target=\"_blank\" rel=\"noreferrer noopener\">comercializa\u00e7\u00e3o dos produtos<\/a>. Afinal, esses elementos s\u00e3o excelentes para fornecer informa\u00e7\u00f5es essenciais ao consumidor, como o nome da marca, a descri\u00e7\u00e3o do artigo, as suas instru\u00e7\u00f5es de uso, os ingredientes, entre outros detalhes altamente relevantes.<\/p>\n\n\n\n<p>E, diante da alta demanda, o mercado atual come\u00e7ou a desenvolver variados modelos de etiquetas para ajudar os gestores a manterem os seus neg\u00f3cios em constante evid\u00eancia. S\u00e3o itens confeccionados a partir de diferentes materiais, acabamentos e tipos de impress\u00e3o. Ali\u00e1s, entre as alternativas dispon\u00edveis, est\u00e3o as chamadas etiquetas t\u00e9rmicas \u2014 que apresentam caracter\u00edsticas espec\u00edficas e vantagens exclusivas.<\/p>\n\n\n\n<p>Pensando nisso, e para te deixar por dentro do assunto, preparamos um post especial sobre essa vers\u00e3o. Nesta leitura, entenda tudo a respeito do processo de impress\u00e3o t\u00e9rmico, as suas particularidades e, claro, os seus diferenciais. Vamos l\u00e1!<\/p>\n\n\n\n<div id=\"ez-toc-container\" class=\"ez-toc-v2_0_69_1 counter-hierarchy ez-toc-counter ez-toc-grey ez-toc-container-direction\">\n<div class=\"ez-toc-title-container\">\n<p class=\"ez-toc-title\" style=\"cursor:inherit\">O que abordaremos neste artigo:<\/p>\n<span class=\"ez-toc-title-toggle\"><a href=\"#\" class=\"ez-toc-pull-right ez-toc-btn ez-toc-btn-xs ez-toc-btn-default ez-toc-toggle\" aria-label=\"Toggle Table of Content\"><span class=\"ez-toc-js-icon-con\"><span class=\"\"><span class=\"eztoc-hide\" style=\"display:none;\">Toggle<\/span><span class=\"ez-toc-icon-toggle-span\"><svg style=\"fill: #999;color:#999\" xmlns=\"http:\/\/www.w3.org\/2000\/svg\" class=\"list-377408\" width=\"20px\" height=\"20px\" viewBox=\"0 0 24 24\" fill=\"none\"><path d=\"M6 6H4v2h2V6zm14 0H8v2h12V6zM4 11h2v2H4v-2zm16 0H8v2h12v-2zM4 16h2v2H4v-2zm16 0H8v2h12v-2z\" fill=\"currentColor\"><\/path><\/svg><svg style=\"fill: #999;color:#999\" class=\"arrow-unsorted-368013\" xmlns=\"http:\/\/www.w3.org\/2000\/svg\" width=\"10px\" height=\"10px\" viewBox=\"0 0 24 24\" version=\"1.2\" baseProfile=\"tiny\"><path d=\"M18.2 9.3l-6.2-6.3-6.2 6.3c-.2.2-.3.4-.3.7s.1.5.3.7c.2.2.4.3.7.3h11c.3 0 .5-.1.7-.3.2-.2.3-.5.3-.7s-.1-.5-.3-.7zM5.8 14.7l6.2 6.3 6.2-6.3c.2-.2.3-.5.3-.7s-.1-.5-.3-.7c-.2-.2-.4-.3-.7-.3h-11c-.3 0-.5.1-.7.3-.2.2-.3.5-.3.7s.1.5.3.7z\"\/><\/svg><\/span><\/span><\/span><\/a><\/span><\/div>\n<nav><ul class='ez-toc-list ez-toc-list-level-1 ' ><li class='ez-toc-page-1 ez-toc-heading-level-2'><a class=\"ez-toc-link ez-toc-heading-1\" href=\"https:\/\/www.ffetiquetas.com.br\/blog\/2023\/07\/03\/etiqueta-termica\/#O_que_e_papel_termico_ou_papel_termossensivel\" title=\"O que \u00e9 papel t\u00e9rmico ou papel termossens\u00edvel?\">O que \u00e9 papel t\u00e9rmico ou papel termossens\u00edvel?<\/a><ul class='ez-toc-list-level-3' ><li class='ez-toc-heading-level-3'><a class=\"ez-toc-link ez-toc-heading-2\" href=\"https:\/\/www.ffetiquetas.com.br\/blog\/2023\/07\/03\/etiqueta-termica\/#As_camadas_da_etiqueta_de_papel_termico\" title=\"As camadas da etiqueta de papel t\u00e9rmico\">As camadas da etiqueta de papel t\u00e9rmico<\/a><\/li><\/ul><\/li><li class='ez-toc-page-1 ez-toc-heading-level-2'><a class=\"ez-toc-link ez-toc-heading-3\" href=\"https:\/\/www.ffetiquetas.com.br\/blog\/2023\/07\/03\/etiqueta-termica\/#Como_funciona_a_impressao_da_etiqueta_termica\" title=\"Como funciona a impress\u00e3o da etiqueta t\u00e9rmica?\">Como funciona a impress\u00e3o da etiqueta t\u00e9rmica?<\/a><ul class='ez-toc-list-level-3' ><li class='ez-toc-heading-level-3'><a class=\"ez-toc-link ez-toc-heading-4\" href=\"https:\/\/www.ffetiquetas.com.br\/blog\/2023\/07\/03\/etiqueta-termica\/#A_diferenca_entre_a_etiqueta_termica_e_a_etiqueta_de_transferencia_termica\" title=\"A diferen\u00e7a entre a etiqueta t\u00e9rmica e a etiqueta de transfer\u00eancia t\u00e9rmica\">A diferen\u00e7a entre a etiqueta t\u00e9rmica e a etiqueta de transfer\u00eancia t\u00e9rmica<\/a><\/li><\/ul><\/li><li class='ez-toc-page-1 ez-toc-heading-level-2'><a class=\"ez-toc-link ez-toc-heading-5\" href=\"https:\/\/www.ffetiquetas.com.br\/blog\/2023\/07\/03\/etiqueta-termica\/#Quais_sao_as_vantagens_das_etiquetas_termicas\" title=\"Quais s\u00e3o as vantagens das etiquetas t\u00e9rmicas?\">Quais s\u00e3o as vantagens das etiquetas t\u00e9rmicas?<\/a><\/li><\/ul><\/nav><\/div>\n<h2 class=\"wp-block-heading\"><span class=\"ez-toc-section\" id=\"O_que_e_papel_termico_ou_papel_termossensivel\"><\/span><strong>O que \u00e9 papel t\u00e9rmico ou papel termossens\u00edvel?<\/strong><span class=\"ez-toc-section-end\"><\/span><\/h2>\n\n\n\n<p>Para entender o que s\u00e3o as etiquetas t\u00e9rmicas, \u00e9 crucial se aprofundar nas caracter\u00edsticas do papel t\u00e9rmico, tamb\u00e9m conhecido como <strong>papel termossens\u00edvel<\/strong>. Em linhas gerais, podemos dizer que este \u00e9 um tipo de material desenvolvido especialmente para impress\u00e3o t\u00e9rmica direta.<\/p>\n\n\n\n<p>Para tanto, o item possui uma camada especial e sens\u00edvel, que reage ao ser exposta a temperaturas elevadas. Assim, quando submetido ao calor, o papel escurece nas \u00e1reas aquecidas, criando assim, a tal da \u201cimpress\u00e3o t\u00e9rmica\u201d.<\/p>\n\n\n\n<h3 class=\"wp-block-heading\"><span class=\"ez-toc-section\" id=\"As_camadas_da_etiqueta_de_papel_termico\"><\/span><strong>As camadas da etiqueta de papel t\u00e9rmico<\/strong><span class=\"ez-toc-section-end\"><\/span><\/h3>\n\n\n\n<p>Para entregar o efeito desejado, as etiquetas t\u00e9rmicas s\u00e3o compostas por uma s\u00e9rie de camadas \u2014 e cada uma delas desempenha uma fun\u00e7\u00e3o espec\u00edfica ao longo do processo de impress\u00e3o. Conhe\u00e7a mais a respeito delas a seguir.<\/p>\n\n\n\n<ul class=\"wp-block-list\">\n<li><strong><em>Overcoating<\/em><\/strong><strong>: <\/strong>esta \u00e9 a camada superior da etiqueta. Portanto, o seu objetivo \u00e9 proteger o revestimento t\u00e9rmico e garantir uma impress\u00e3o de maior durabilidade. Em paralelo, o <em>overcoating<\/em> consegue oferecer uma boa resist\u00eancia a produtos qu\u00edmicos, abras\u00e3o e umidade;<\/li>\n\n\n\n<li><strong>Camada t\u00e9rmica: <\/strong>\u00e9 a parte respons\u00e1vel pela rea\u00e7\u00e3o ao calor. Ou seja, quando a cabe\u00e7a de impress\u00e3o t\u00e9rmica aplicar uma alta temperatura sobre essa camada, automaticamente, ocorrer\u00e1 a rea\u00e7\u00e3o qu\u00edmica, resultando na forma\u00e7\u00e3o da imagem sobre a superf\u00edcie;<\/li>\n\n\n\n<li><strong><em>Undercoating<\/em><\/strong><strong>: <\/strong>posicionada logo abaixo da camada t\u00e9rmica, o <em>undercoating<\/em> tem como fun\u00e7\u00e3o melhorar a qualidade da impress\u00e3o. Para tanto, essa camada fornece uma superf\u00edcie lisa e respons\u00e1vel por promover distribui\u00e7\u00e3o homog\u00eanea do calor;<\/li>\n\n\n\n<li><strong>Frontal:<\/strong> \u00e9 onde a impress\u00e3o \u00e9 realizada. Dito isso, essa camada possui um revestimento especial, que facilita a ader\u00eancia da tinta t\u00e9rmica ao longo do processo de impress\u00e3o;<\/li>\n\n\n\n<li><strong>Adesivo: <\/strong>\u00e9 a parte respons\u00e1vel por fixar a etiqueta na superf\u00edcie do produto. O adesivo utilizado em etiquetas t\u00e9rmicas \u00e9 desenvolvido para garantir uma ader\u00eancia segura, inclusive, quando falamos sobre as superf\u00edcies mais complexas;<\/li>\n\n\n\n<li><strong>Liner: <\/strong>tamb\u00e9m chamado como \u201csuporte\u201d, consiste na \u00e1rea da etiqueta t\u00e9rmica que \u00e9 removida antes mesmo de sua aplica\u00e7\u00e3o. De modo geral, ele serve para proteger o adesivo e facilitar o manuseio do material.<\/li>\n<\/ul>\n\n\n\n<h2 class=\"wp-block-heading\"><span class=\"ez-toc-section\" id=\"Como_funciona_a_impressao_da_etiqueta_termica\"><\/span><strong>Como funciona a impress\u00e3o da etiqueta t\u00e9rmica?<\/strong><span class=\"ez-toc-section-end\"><\/span><\/h2>\n\n\n\n<p>Para oferecer um resultado de extrema qualidade, \u00e9 preciso que as etiquetas t\u00e9rmicas sejam utilizadas com o m\u00e1ximo de cuidado e aten\u00e7\u00e3o aos detalhes.<\/p>\n\n\n\n<p>Em resumo, o seu processo de impress\u00e3o come\u00e7a assim que o profissional respons\u00e1vel pelo procedimento envia as informa\u00e7\u00f5es necess\u00e1rias para o software da impressora t\u00e9rmica. A m\u00e1quina, por sua vez, ir\u00e1 encaminhar esses dados para a cabe\u00e7a da impress\u00e3o.<\/p>\n\n\n\n<p>Assim que a a\u00e7\u00e3o for conclu\u00edda, a cabe\u00e7a passar\u00e1 a esquentar a etiqueta \u2014 por\u00e9m, apenas em \u00e1reas pr\u00e9-estabelecidas. Com isso, ser\u00e1 poss\u00edvel formar as letras e as imagens da pr\u00f3pria etiqueta.<\/p>\n\n\n\n<p>A impress\u00e3o \u00e9 feita somente em tons de preto. Ainda assim, destacamos que h\u00e1 a possibilidade de encontrar impressoras capazes de imprimir esse material em at\u00e9 duas cores \u2014 estas s\u00e3o as impressoras t\u00e9rmicas bicolores. Bem interessante!<\/p>\n\n\n\n<h3 class=\"wp-block-heading\"><span class=\"ez-toc-section\" id=\"A_diferenca_entre_a_etiqueta_termica_e_a_etiqueta_de_transferencia_termica\"><\/span><strong>A diferen\u00e7a entre a etiqueta t\u00e9rmica e a etiqueta de transfer\u00eancia t\u00e9rmica<\/strong><span class=\"ez-toc-section-end\"><\/span><\/h3>\n\n\n\n<p>Quando falamos sobre as etiquetas t\u00e9rmicas, \u00e9 comum encontrar pessoas que confundem esse m\u00e9todo com o da etiqueta de transfer\u00eancia t\u00e9rmica. Entretanto, \u00e9 sempre bom mencionar que, apesar de serem parecidas, essas op\u00e7\u00f5es contam com caracter\u00edsticas distintas.<\/p>\n\n\n\n<p>Enquanto a etiqueta t\u00e9rmica \u00e9 impressa diretamente na superf\u00edcie do produto, a etiqueta de transfer\u00eancia t\u00e9rmica exige a utiliza\u00e7\u00e3o de uma fita de transfer\u00eancia (<em>foil<\/em> ou <em>ribbon<\/em>).<\/p>\n\n\n\n<p>Nesta impress\u00e3o, a imagem \u00e9 transferida da fita para a etiqueta por meio do calor. Como resultado, \u00e9 poss\u00edvel obter uma variedade de cores mais ampla, al\u00e9m de boa resist\u00eancia ao desbotamento e excelente durabilidade da impress\u00e3o.<\/p>\n\n\n\n<p>De todo modo, o ponto negativo \u00e9 que, por necessitar do uso da fita de transfer\u00eancia, tal t\u00e9cnica pode apresentar um custo mais elevado, al\u00e9m de demandar uma etapa adicional em seu processo de impress\u00e3o.<\/p>\n\n\n\n<h2 class=\"wp-block-heading\"><span class=\"ez-toc-section\" id=\"Quais_sao_as_vantagens_das_etiquetas_termicas\"><\/span><strong>Quais s\u00e3o as vantagens das etiquetas t\u00e9rmicas?<\/strong><span class=\"ez-toc-section-end\"><\/span><\/h2>\n\n\n\n<p>N\u00e3o \u00e9 por menos que as etiquetas t\u00e9rmicas s\u00e3o mais utilizadas no mercado atual, independentemente do tipo de produto que ser\u00e1 <a href=\"https:\/\/www.ffetiquetas.com.br\/2023\/05\/23\/lancamento-de-produto\/\" target=\"_blank\" rel=\"noreferrer noopener\">desenvolvido e lan\u00e7ado<\/a>. At\u00e9 porque, existem v\u00e1rias vantagens que podem ser aproveitadas ao investir nessa possibilidade. N\u00e3o sabe quais s\u00e3o elas? Te contamos logo abaixo.<\/p>\n\n\n\n<ul class=\"wp-block-list\">\n<li><strong>\u00d3tima impress\u00e3o:<\/strong> sem d\u00favida, as etiquetas t\u00e9rmicas oferecem uma impress\u00e3o de alta qualidade, apresentando uma boa nitidez e excelente contraste. Na pr\u00e1tica, isso garante que as informa\u00e7\u00f5es sejam facilmente leg\u00edveis, contribuindo para uma melhor comunica\u00e7\u00e3o entre a <a href=\"https:\/\/www.ffetiquetas.com.br\/2023\/05\/17\/customer-first\/\" target=\"_blank\" rel=\"noreferrer noopener\">marca e o consumidor<\/a>.<\/li>\n\n\n\n<li><strong>Colagem especial:<\/strong> o adesivo utilizado nas etiquetas t\u00e9rmicas \u00e9 exclusivamente desenvolvido para assegurar uma fixa\u00e7\u00e3o eficiente, independentemente das superf\u00edcies de onde o material ser\u00e1 aplicado. Dessa forma, a cola proporciona uma ades\u00e3o segura, mesmo em condi\u00e7\u00f5es adversas, evitando assim, que a etiqueta se solte ou descole com o tempo;<\/li>\n\n\n\n<li><strong>Prote\u00e7\u00e3o extra: <\/strong>gra\u00e7as ao <em>overcoating<\/em>, presente nas camadas das etiquetas t\u00e9rmicas, \u00e9 poss\u00edvel garantir uma prote\u00e7\u00e3o adicional ao revestimento t\u00e9rmico. Como resultado, isso faz com que a impress\u00e3o permane\u00e7a n\u00edtida e est\u00e1vel por um per\u00edodo muito maior;<\/li>\n\n\n\n<li><strong>Adesivo at\u00f3xico: <\/strong>os colantes usados nas <a href=\"https:\/\/www.ffetiquetas.com.br\/2023\/03\/27\/tipos-de-etiquetas\/\" target=\"_blank\" rel=\"noreferrer noopener\">etiquetas<\/a> t\u00e9rmicas s\u00e3o produzidos para serem at\u00f3xicos. E n\u00e3o s\u00f3 isso. Boa parte desses artigos s\u00e3o feitos \u00e0 base de \u00e1gua, o que torna o processo de impress\u00e3o ainda mais seguro e ecologicamente correto.<\/li>\n<\/ul>\n\n\n\n<p>Como foi poss\u00edvel notar ao longo deste artigo especial, as etiquetas t\u00e9rmicas s\u00e3o imprescind\u00edveis na hora de identificar um produto e ajud\u00e1-lo a se destacar em um mercado t\u00e3o concorrido.<\/p>\n\n\n\n<p>Com o aux\u00edlio das suas camadas, elas conseguem oferecer <a href=\"https:\/\/www.ffetiquetas.com.br\/2023\/02\/20\/dados-variaveis\/\" target=\"_blank\" rel=\"noreferrer noopener\">uma impress\u00e3o de qualidade<\/a>, bem como, uma excelente fixa\u00e7\u00e3o segura e alta durabilidade \u2014 o que, certamente, <strong>aumenta o reconhecimento e reputa\u00e7\u00e3o<\/strong> da marca em seu setor de atua\u00e7\u00e3o.<\/p>\n\n\n\n<p>Ao escolher as etiquetas t\u00e9rmicas para compor os seus produtos, lembre-se ainda de contar com o apoio de profissionais capacitados, que entendam do que est\u00e3o fazendo e consigam fornecer o que h\u00e1 de melhor \u2014 e mais moderno \u2014 nesse segmento. Combinado? Esperamos que essa leitura tenha sido esclarecedora para voc\u00ea. Agora, e caso queira continuar se aprofundando no assunto, aproveite para seguir as nossas p\u00e1ginas no <a href=\"https:\/\/www.instagram.com\/ff_etiquetas\/\" target=\"_blank\" rel=\"noreferrer noopener\">Instagram<\/a>, <a href=\"https:\/\/www.linkedin.com\/company\/ffetiquetas\/\" target=\"_blank\" rel=\"noreferrer noopener\">Facebook<\/a> e <a href=\"https:\/\/www.linkedin.com\/company\/ffetiquetas\/\">Linkedin<\/a>. L\u00e1, compartilhamos outros conte\u00fados exclusivos e que s\u00e3o excelentes para te ajudar a alavancar o seu neg\u00f3cio. At\u00e9 mais!<\/p>\n","protected":false},"excerpt":{"rendered":"<p>Todo e qualquer empreendedor j\u00e1 sabe: as etiquetas possuem um papel essencial na identifica\u00e7\u00e3o, na divulga\u00e7\u00e3o e na comercializa\u00e7\u00e3o dos produtos. Afinal, esses elementos s\u00e3o excelentes para fornecer informa\u00e7\u00f5es essenciais ao consumidor, como o nome da marca, a descri\u00e7\u00e3o do artigo, as suas instru\u00e7\u00f5es de uso, os ingredientes, entre outros detalhes altamente relevantes. E, diante &hellip; <\/p>\n","protected":false},"author":1,"featured_media":1292,"comment_status":"open","ping_status":"open","sticky":false,"template":"","format":"standard","meta":{"footnotes":""},"categories":[6],"tags":[],"class_list":["post-1291","post","type-post","status-publish","format-standard","has-post-thumbnail","hentry","category-etiquetas","latest_post"],"yoast_head":"<!-- This site is optimized with the Yoast SEO plugin v23.0 - https:\/\/yoast.com\/wordpress\/plugins\/seo\/ -->\n<title>Por que utilizar a etiqueta t\u00e9rmica no seu neg\u00f3cio? Confira!<\/title>\n<meta name=\"description\" content=\"A etiqueta t\u00e9rmica oferece in\u00fameros benef\u00edcios para uma marca. Neste post, te contamos quais s\u00e3o esses diferenciais e como aproveit\u00e1-los.\" \/>\n<meta name=\"robots\" content=\"index, follow, max-snippet:-1, max-image-preview:large, max-video-preview:-1\" \/>\n<link rel=\"canonical\" href=\"https:\/\/www.ffetiquetas.com.br\/blog\/2023\/07\/03\/etiqueta-termica\/\" \/>\n<meta property=\"og:locale\" content=\"pt_BR\" \/>\n<meta property=\"og:type\" content=\"article\" \/>\n<meta property=\"og:title\" content=\"Por que utilizar a etiqueta t\u00e9rmica no seu neg\u00f3cio? Confira!\" \/>\n<meta property=\"og:description\" content=\"A etiqueta t\u00e9rmica oferece in\u00fameros benef\u00edcios para uma marca. Neste post, te contamos quais s\u00e3o esses diferenciais e como aproveit\u00e1-los.\" \/>\n<meta property=\"og:url\" content=\"https:\/\/www.ffetiquetas.com.br\/blog\/2023\/07\/03\/etiqueta-termica\/\" \/>\n<meta property=\"og:site_name\" content=\"Blog | F&amp;F Etiquetas\" \/>\n<meta property=\"article:published_time\" content=\"2023-07-03T16:28:38+00:00\" \/>\n<meta name=\"author\" content=\"admin\" \/>\n<meta name=\"twitter:card\" content=\"summary_large_image\" \/>\n<meta name=\"twitter:label1\" content=\"Escrito por\" \/>\n\t<meta name=\"twitter:data1\" content=\"admin\" \/>\n\t<meta name=\"twitter:label2\" content=\"Est. tempo de leitura\" \/>\n\t<meta name=\"twitter:data2\" content=\"7 minutos\" \/>\n<script type=\"application\/ld+json\" class=\"yoast-schema-graph\">{\"@context\":\"https:\/\/schema.org\",\"@graph\":[{\"@type\":\"Article\",\"@id\":\"https:\/\/www.ffetiquetas.com.br\/blog\/2023\/07\/03\/etiqueta-termica\/#article\",\"isPartOf\":{\"@id\":\"https:\/\/www.ffetiquetas.com.br\/blog\/2023\/07\/03\/etiqueta-termica\/\"},\"author\":{\"name\":\"admin\",\"@id\":\"https:\/\/www.ffetiquetas.com.br\/blog\/#\/schema\/person\/40702d9805d9211a8f1d0930f1bcb12c\"},\"headline\":\"Por que utilizar a etiqueta t\u00e9rmica no seu neg\u00f3cio? Confira!\",\"datePublished\":\"2023-07-03T16:28:38+00:00\",\"dateModified\":\"2023-07-03T16:28:38+00:00\",\"mainEntityOfPage\":{\"@id\":\"https:\/\/www.ffetiquetas.com.br\/blog\/2023\/07\/03\/etiqueta-termica\/\"},\"wordCount\":1312,\"commentCount\":0,\"publisher\":{\"@id\":\"https:\/\/www.ffetiquetas.com.br\/blog\/#organization\"},\"image\":{\"@id\":\"https:\/\/www.ffetiquetas.com.br\/blog\/2023\/07\/03\/etiqueta-termica\/#primaryimage\"},\"thumbnailUrl\":\"\",\"articleSection\":[\"Etiquetas\"],\"inLanguage\":\"pt-BR\",\"potentialAction\":[{\"@type\":\"CommentAction\",\"name\":\"Comment\",\"target\":[\"https:\/\/www.ffetiquetas.com.br\/blog\/2023\/07\/03\/etiqueta-termica\/#respond\"]}]},{\"@type\":\"WebPage\",\"@id\":\"https:\/\/www.ffetiquetas.com.br\/blog\/2023\/07\/03\/etiqueta-termica\/\",\"url\":\"https:\/\/www.ffetiquetas.com.br\/blog\/2023\/07\/03\/etiqueta-termica\/\",\"name\":\"Por que utilizar a etiqueta t\u00e9rmica no seu neg\u00f3cio? Confira!\",\"isPartOf\":{\"@id\":\"https:\/\/www.ffetiquetas.com.br\/blog\/#website\"},\"primaryImageOfPage\":{\"@id\":\"https:\/\/www.ffetiquetas.com.br\/blog\/2023\/07\/03\/etiqueta-termica\/#primaryimage\"},\"image\":{\"@id\":\"https:\/\/www.ffetiquetas.com.br\/blog\/2023\/07\/03\/etiqueta-termica\/#primaryimage\"},\"thumbnailUrl\":\"\",\"datePublished\":\"2023-07-03T16:28:38+00:00\",\"dateModified\":\"2023-07-03T16:28:38+00:00\",\"description\":\"A etiqueta t\u00e9rmica oferece in\u00fameros benef\u00edcios para uma marca. Neste post, te contamos quais s\u00e3o esses diferenciais e como aproveit\u00e1-los.\",\"breadcrumb\":{\"@id\":\"https:\/\/www.ffetiquetas.com.br\/blog\/2023\/07\/03\/etiqueta-termica\/#breadcrumb\"},\"inLanguage\":\"pt-BR\",\"potentialAction\":[{\"@type\":\"ReadAction\",\"target\":[\"https:\/\/www.ffetiquetas.com.br\/blog\/2023\/07\/03\/etiqueta-termica\/\"]}]},{\"@type\":\"ImageObject\",\"inLanguage\":\"pt-BR\",\"@id\":\"https:\/\/www.ffetiquetas.com.br\/blog\/2023\/07\/03\/etiqueta-termica\/#primaryimage\",\"url\":\"\",\"contentUrl\":\"\"},{\"@type\":\"BreadcrumbList\",\"@id\":\"https:\/\/www.ffetiquetas.com.br\/blog\/2023\/07\/03\/etiqueta-termica\/#breadcrumb\",\"itemListElement\":[{\"@type\":\"ListItem\",\"position\":1,\"name\":\"In\u00edcio\",\"item\":\"https:\/\/www.ffetiquetas.com.br\/blog\/\"},{\"@type\":\"ListItem\",\"position\":2,\"name\":\"Por que utilizar a etiqueta t\u00e9rmica no seu neg\u00f3cio? Confira!\"}]},{\"@type\":\"WebSite\",\"@id\":\"https:\/\/www.ffetiquetas.com.br\/blog\/#website\",\"url\":\"https:\/\/www.ffetiquetas.com.br\/blog\/\",\"name\":\"Blog | F&amp;F Etiquetas\",\"description\":\"\",\"publisher\":{\"@id\":\"https:\/\/www.ffetiquetas.com.br\/blog\/#organization\"},\"potentialAction\":[{\"@type\":\"SearchAction\",\"target\":{\"@type\":\"EntryPoint\",\"urlTemplate\":\"https:\/\/www.ffetiquetas.com.br\/blog\/?s={search_term_string}\"},\"query-input\":\"required name=search_term_string\"}],\"inLanguage\":\"pt-BR\"},{\"@type\":\"Organization\",\"@id\":\"https:\/\/www.ffetiquetas.com.br\/blog\/#organization\",\"name\":\"Blog | F&amp;F Etiquetas\",\"url\":\"https:\/\/www.ffetiquetas.com.br\/blog\/\",\"logo\":{\"@type\":\"ImageObject\",\"inLanguage\":\"pt-BR\",\"@id\":\"https:\/\/www.ffetiquetas.com.br\/blog\/#\/schema\/logo\/image\/\",\"url\":\"https:\/\/www.ffetiquetas.com.br\/blog\/wp-content\/uploads\/2024\/07\/logo-1-2.png\",\"contentUrl\":\"https:\/\/www.ffetiquetas.com.br\/blog\/wp-content\/uploads\/2024\/07\/logo-1-2.png\",\"width\":820,\"height\":200,\"caption\":\"Blog | F&amp;F Etiquetas\"},\"image\":{\"@id\":\"https:\/\/www.ffetiquetas.com.br\/blog\/#\/schema\/logo\/image\/\"}},{\"@type\":\"Person\",\"@id\":\"https:\/\/www.ffetiquetas.com.br\/blog\/#\/schema\/person\/40702d9805d9211a8f1d0930f1bcb12c\",\"name\":\"admin\",\"image\":{\"@type\":\"ImageObject\",\"inLanguage\":\"pt-BR\",\"@id\":\"https:\/\/www.ffetiquetas.com.br\/blog\/#\/schema\/person\/image\/\",\"url\":\"https:\/\/secure.gravatar.com\/avatar\/ccfb0e0ad48eefce3b7df49741ce4d74febe9fac574a1e3e08da5d2e920f0105?s=96&d=mm&r=g\",\"contentUrl\":\"https:\/\/secure.gravatar.com\/avatar\/ccfb0e0ad48eefce3b7df49741ce4d74febe9fac574a1e3e08da5d2e920f0105?s=96&d=mm&r=g\",\"caption\":\"admin\"},\"sameAs\":[\"https:\/\/ffetiquetas.com.br\/blog\"],\"url\":\"https:\/\/www.ffetiquetas.com.br\/blog\/author\/admin\/\"}]}<\/script>\n<!-- \/ Yoast SEO plugin. -->","yoast_head_json":{"title":"Por que utilizar a etiqueta t\u00e9rmica no seu neg\u00f3cio? Confira!","description":"A etiqueta t\u00e9rmica oferece in\u00fameros benef\u00edcios para uma marca. Neste post, te contamos quais s\u00e3o esses diferenciais e como aproveit\u00e1-los.","robots":{"index":"index","follow":"follow","max-snippet":"max-snippet:-1","max-image-preview":"max-image-preview:large","max-video-preview":"max-video-preview:-1"},"canonical":"https:\/\/www.ffetiquetas.com.br\/blog\/2023\/07\/03\/etiqueta-termica\/","og_locale":"pt_BR","og_type":"article","og_title":"Por que utilizar a etiqueta t\u00e9rmica no seu neg\u00f3cio? Confira!","og_description":"A etiqueta t\u00e9rmica oferece in\u00fameros benef\u00edcios para uma marca. Neste post, te contamos quais s\u00e3o esses diferenciais e como aproveit\u00e1-los.","og_url":"https:\/\/www.ffetiquetas.com.br\/blog\/2023\/07\/03\/etiqueta-termica\/","og_site_name":"Blog | F&amp;F Etiquetas","article_published_time":"2023-07-03T16:28:38+00:00","author":"admin","twitter_card":"summary_large_image","twitter_misc":{"Escrito por":"admin","Est. tempo de leitura":"7 minutos"},"schema":{"@context":"https:\/\/schema.org","@graph":[{"@type":"Article","@id":"https:\/\/www.ffetiquetas.com.br\/blog\/2023\/07\/03\/etiqueta-termica\/#article","isPartOf":{"@id":"https:\/\/www.ffetiquetas.com.br\/blog\/2023\/07\/03\/etiqueta-termica\/"},"author":{"name":"admin","@id":"https:\/\/www.ffetiquetas.com.br\/blog\/#\/schema\/person\/40702d9805d9211a8f1d0930f1bcb12c"},"headline":"Por que utilizar a etiqueta t\u00e9rmica no seu neg\u00f3cio? Confira!","datePublished":"2023-07-03T16:28:38+00:00","dateModified":"2023-07-03T16:28:38+00:00","mainEntityOfPage":{"@id":"https:\/\/www.ffetiquetas.com.br\/blog\/2023\/07\/03\/etiqueta-termica\/"},"wordCount":1312,"commentCount":0,"publisher":{"@id":"https:\/\/www.ffetiquetas.com.br\/blog\/#organization"},"image":{"@id":"https:\/\/www.ffetiquetas.com.br\/blog\/2023\/07\/03\/etiqueta-termica\/#primaryimage"},"thumbnailUrl":"","articleSection":["Etiquetas"],"inLanguage":"pt-BR","potentialAction":[{"@type":"CommentAction","name":"Comment","target":["https:\/\/www.ffetiquetas.com.br\/blog\/2023\/07\/03\/etiqueta-termica\/#respond"]}]},{"@type":"WebPage","@id":"https:\/\/www.ffetiquetas.com.br\/blog\/2023\/07\/03\/etiqueta-termica\/","url":"https:\/\/www.ffetiquetas.com.br\/blog\/2023\/07\/03\/etiqueta-termica\/","name":"Por que utilizar a etiqueta t\u00e9rmica no seu neg\u00f3cio? Confira!","isPartOf":{"@id":"https:\/\/www.ffetiquetas.com.br\/blog\/#website"},"primaryImageOfPage":{"@id":"https:\/\/www.ffetiquetas.com.br\/blog\/2023\/07\/03\/etiqueta-termica\/#primaryimage"},"image":{"@id":"https:\/\/www.ffetiquetas.com.br\/blog\/2023\/07\/03\/etiqueta-termica\/#primaryimage"},"thumbnailUrl":"","datePublished":"2023-07-03T16:28:38+00:00","dateModified":"2023-07-03T16:28:38+00:00","description":"A etiqueta t\u00e9rmica oferece in\u00fameros benef\u00edcios para uma marca. Neste post, te contamos quais s\u00e3o esses diferenciais e como aproveit\u00e1-los.","breadcrumb":{"@id":"https:\/\/www.ffetiquetas.com.br\/blog\/2023\/07\/03\/etiqueta-termica\/#breadcrumb"},"inLanguage":"pt-BR","potentialAction":[{"@type":"ReadAction","target":["https:\/\/www.ffetiquetas.com.br\/blog\/2023\/07\/03\/etiqueta-termica\/"]}]},{"@type":"ImageObject","inLanguage":"pt-BR","@id":"https:\/\/www.ffetiquetas.com.br\/blog\/2023\/07\/03\/etiqueta-termica\/#primaryimage","url":"","contentUrl":""},{"@type":"BreadcrumbList","@id":"https:\/\/www.ffetiquetas.com.br\/blog\/2023\/07\/03\/etiqueta-termica\/#breadcrumb","itemListElement":[{"@type":"ListItem","position":1,"name":"In\u00edcio","item":"https:\/\/www.ffetiquetas.com.br\/blog\/"},{"@type":"ListItem","position":2,"name":"Por que utilizar a etiqueta t\u00e9rmica no seu neg\u00f3cio? Confira!"}]},{"@type":"WebSite","@id":"https:\/\/www.ffetiquetas.com.br\/blog\/#website","url":"https:\/\/www.ffetiquetas.com.br\/blog\/","name":"Blog | F&amp;F Etiquetas","description":"","publisher":{"@id":"https:\/\/www.ffetiquetas.com.br\/blog\/#organization"},"potentialAction":[{"@type":"SearchAction","target":{"@type":"EntryPoint","urlTemplate":"https:\/\/www.ffetiquetas.com.br\/blog\/?s={search_term_string}"},"query-input":"required name=search_term_string"}],"inLanguage":"pt-BR"},{"@type":"Organization","@id":"https:\/\/www.ffetiquetas.com.br\/blog\/#organization","name":"Blog | F&amp;F Etiquetas","url":"https:\/\/www.ffetiquetas.com.br\/blog\/","logo":{"@type":"ImageObject","inLanguage":"pt-BR","@id":"https:\/\/www.ffetiquetas.com.br\/blog\/#\/schema\/logo\/image\/","url":"https:\/\/www.ffetiquetas.com.br\/blog\/wp-content\/uploads\/2024\/07\/logo-1-2.png","contentUrl":"https:\/\/www.ffetiquetas.com.br\/blog\/wp-content\/uploads\/2024\/07\/logo-1-2.png","width":820,"height":200,"caption":"Blog | F&amp;F Etiquetas"},"image":{"@id":"https:\/\/www.ffetiquetas.com.br\/blog\/#\/schema\/logo\/image\/"}},{"@type":"Person","@id":"https:\/\/www.ffetiquetas.com.br\/blog\/#\/schema\/person\/40702d9805d9211a8f1d0930f1bcb12c","name":"admin","image":{"@type":"ImageObject","inLanguage":"pt-BR","@id":"https:\/\/www.ffetiquetas.com.br\/blog\/#\/schema\/person\/image\/","url":"https:\/\/secure.gravatar.com\/avatar\/ccfb0e0ad48eefce3b7df49741ce4d74febe9fac574a1e3e08da5d2e920f0105?s=96&d=mm&r=g","contentUrl":"https:\/\/secure.gravatar.com\/avatar\/ccfb0e0ad48eefce3b7df49741ce4d74febe9fac574a1e3e08da5d2e920f0105?s=96&d=mm&r=g","caption":"admin"},"sameAs":["https:\/\/ffetiquetas.com.br\/blog"],"url":"https:\/\/www.ffetiquetas.com.br\/blog\/author\/admin\/"}]}},"_links":{"self":[{"href":"https:\/\/www.ffetiquetas.com.br\/blog\/wp-json\/wp\/v2\/posts\/1291","targetHints":{"allow":["GET"]}}],"collection":[{"href":"https:\/\/www.ffetiquetas.com.br\/blog\/wp-json\/wp\/v2\/posts"}],"about":[{"href":"https:\/\/www.ffetiquetas.com.br\/blog\/wp-json\/wp\/v2\/types\/post"}],"author":[{"embeddable":true,"href":"https:\/\/www.ffetiquetas.com.br\/blog\/wp-json\/wp\/v2\/users\/1"}],"replies":[{"embeddable":true,"href":"https:\/\/www.ffetiquetas.com.br\/blog\/wp-json\/wp\/v2\/comments?post=1291"}],"version-history":[{"count":0,"href":"https:\/\/www.ffetiquetas.com.br\/blog\/wp-json\/wp\/v2\/posts\/1291\/revisions"}],"wp:featuredmedia":[{"embeddable":true,"href":"https:\/\/www.ffetiquetas.com.br\/blog\/wp-json\/"}],"wp:attachment":[{"href":"https:\/\/www.ffetiquetas.com.br\/blog\/wp-json\/wp\/v2\/media?parent=1291"}],"wp:term":[{"taxonomy":"category","embeddable":true,"href":"https:\/\/www.ffetiquetas.com.br\/blog\/wp-json\/wp\/v2\/categories?post=1291"},{"taxonomy":"post_tag","embeddable":true,"href":"https:\/\/www.ffetiquetas.com.br\/blog\/wp-json\/wp\/v2\/tags?post=1291"}],"curies":[{"name":"wp","href":"https:\/\/api.w.org\/{rel}","templated":true}]}}