{"id":1271,"date":"2023-06-26T11:01:21","date_gmt":"2023-06-26T14:01:21","guid":{"rendered":"https:\/\/www.ffetiquetas.com.br\/?p=1271"},"modified":"2023-06-26T11:01:21","modified_gmt":"2023-06-26T14:01:21","slug":"onde-fazer-etiquetas-personalizadas","status":"publish","type":"post","link":"https:\/\/www.ffetiquetas.com.br\/blog\/2023\/06\/26\/onde-fazer-etiquetas-personalizadas\/","title":{"rendered":"Onde fazer etiquetas adesivas personalizadas? Conhe\u00e7a a F&amp;F Etiquetas!"},"content":{"rendered":"\n<p>As <a href=\"https:\/\/www.ffetiquetas.com.br\/2023\/03\/27\/tipos-de-etiquetas\/\" target=\"_blank\" rel=\"noreferrer noopener\">etiquetas<\/a>, r\u00f3tulos e embalagens s\u00e3o a primeira impress\u00e3o que os consumidores t\u00eam do seu produto<strong> <\/strong>e, consequentemente, da sua marca. Por isso, na hora de escolher onde fazer etiquetas personalizadas, \u00e9 ideal contar com um fornecedor de qualidade, que vai garantir uma <strong>impress\u00e3o profissional<\/strong>, resistente e bonita.<\/p>\n\n\n\n<p>Nesse sentido, a F&amp;F etiquetas pode ser a escolha certa! S\u00e3o mais de 25 anos de experi\u00eancia no ramo gr\u00e1fico, com clientes em pelo menos 3 pa\u00edses e mais de 110 parceiros e clientes espalhados pelo Brasil. Nosso objetivo \u00e9 trazer <a href=\"https:\/\/www.ffetiquetas.com.br\/2022\/09\/30\/flexografia\/\" target=\"_blank\" rel=\"noreferrer noopener\">excel\u00eancia na impress\u00e3o <\/a>desses materiais e, para isso, contamos com uma<strong> <\/strong>infraestrutura completa de equipamentos de \u00faltima gera\u00e7\u00e3o e uma equipe qualificada<strong>.<\/strong><\/p>\n\n\n\n<p>Quer entender por que investir nas etiquetas personalizadas e como a F&amp;F etiquetas pode ser seu fornecedor ideal nessa jornada? Continue acompanhando e descubra agora mesmo!<\/p>\n\n\n\n<div id=\"ez-toc-container\" class=\"ez-toc-v2_0_69_1 counter-hierarchy ez-toc-counter ez-toc-grey ez-toc-container-direction\">\n<div class=\"ez-toc-title-container\">\n<p class=\"ez-toc-title\" style=\"cursor:inherit\">O que abordaremos neste artigo:<\/p>\n<span class=\"ez-toc-title-toggle\"><a href=\"#\" class=\"ez-toc-pull-right ez-toc-btn ez-toc-btn-xs ez-toc-btn-default ez-toc-toggle\" aria-label=\"Toggle Table of Content\"><span class=\"ez-toc-js-icon-con\"><span class=\"\"><span class=\"eztoc-hide\" style=\"display:none;\">Toggle<\/span><span class=\"ez-toc-icon-toggle-span\"><svg style=\"fill: #999;color:#999\" xmlns=\"http:\/\/www.w3.org\/2000\/svg\" class=\"list-377408\" width=\"20px\" height=\"20px\" viewBox=\"0 0 24 24\" fill=\"none\"><path d=\"M6 6H4v2h2V6zm14 0H8v2h12V6zM4 11h2v2H4v-2zm16 0H8v2h12v-2zM4 16h2v2H4v-2zm16 0H8v2h12v-2z\" fill=\"currentColor\"><\/path><\/svg><svg style=\"fill: #999;color:#999\" class=\"arrow-unsorted-368013\" xmlns=\"http:\/\/www.w3.org\/2000\/svg\" width=\"10px\" height=\"10px\" viewBox=\"0 0 24 24\" version=\"1.2\" baseProfile=\"tiny\"><path d=\"M18.2 9.3l-6.2-6.3-6.2 6.3c-.2.2-.3.4-.3.7s.1.5.3.7c.2.2.4.3.7.3h11c.3 0 .5-.1.7-.3.2-.2.3-.5.3-.7s-.1-.5-.3-.7zM5.8 14.7l6.2 6.3 6.2-6.3c.2-.2.3-.5.3-.7s-.1-.5-.3-.7c-.2-.2-.4-.3-.7-.3h-11c-.3 0-.5.1-.7.3-.2.2-.3.5-.3.7s.1.5.3.7z\"\/><\/svg><\/span><\/span><\/span><\/a><\/span><\/div>\n<nav><ul class='ez-toc-list ez-toc-list-level-1 ' ><li class='ez-toc-page-1 ez-toc-heading-level-2'><a class=\"ez-toc-link ez-toc-heading-1\" href=\"https:\/\/www.ffetiquetas.com.br\/blog\/2023\/06\/26\/onde-fazer-etiquetas-personalizadas\/#A_importancia_das_etiquetas_personalizadas\" title=\"A import\u00e2ncia das etiquetas personalizadas\">A import\u00e2ncia das etiquetas personalizadas<\/a><ul class='ez-toc-list-level-3' ><li class='ez-toc-heading-level-3'><a class=\"ez-toc-link ez-toc-heading-2\" href=\"https:\/\/www.ffetiquetas.com.br\/blog\/2023\/06\/26\/onde-fazer-etiquetas-personalizadas\/#Atracao_de_clientes\" title=\"Atra\u00e7\u00e3o de clientes\">Atra\u00e7\u00e3o de clientes<\/a><\/li><li class='ez-toc-page-1 ez-toc-heading-level-3'><a class=\"ez-toc-link ez-toc-heading-3\" href=\"https:\/\/www.ffetiquetas.com.br\/blog\/2023\/06\/26\/onde-fazer-etiquetas-personalizadas\/#Informacoes_e_conteudos\" title=\"Informa\u00e7\u00f5es e conte\u00fados\">Informa\u00e7\u00f5es e conte\u00fados<\/a><\/li><li class='ez-toc-page-1 ez-toc-heading-level-3'><a class=\"ez-toc-link ez-toc-heading-4\" href=\"https:\/\/www.ffetiquetas.com.br\/blog\/2023\/06\/26\/onde-fazer-etiquetas-personalizadas\/#Identidade_visual_da_marca\" title=\"Identidade visual da marca\">Identidade visual da marca<\/a><\/li><\/ul><\/li><li class='ez-toc-page-1 ez-toc-heading-level-2'><a class=\"ez-toc-link ez-toc-heading-5\" href=\"https:\/\/www.ffetiquetas.com.br\/blog\/2023\/06\/26\/onde-fazer-etiquetas-personalizadas\/#A_F_F_Etiquetas\" title=\"A F&amp;F Etiquetas\">A F&amp;F Etiquetas<\/a><\/li><\/ul><\/nav><\/div>\n<h2 class=\"wp-block-heading\"><span class=\"ez-toc-section\" id=\"A_importancia_das_etiquetas_personalizadas\"><\/span><strong>A import\u00e2ncia das etiquetas personalizadas<\/strong><span class=\"ez-toc-section-end\"><\/span><\/h2>\n\n\n\n<p>As <a href=\"https:\/\/www.ffetiquetas.com.br\/etiquetas-personalizadas\/\">etiquetas personalizadas<\/a> v\u00e3o <strong>dar destaque ao seu produto<\/strong> nas prateleiras, al\u00e9m de aumentar a organiza\u00e7\u00e3o e identifica\u00e7\u00e3o no estoque e agregar mais valor \u00e0 imagem da marca. Por serem completamente personaliz\u00e1veis e \u00fanicas, elas podem representar toda a ess\u00eancia da marca ou produto e, quando feitas com o material certo, tamb\u00e9m podem ser <strong>aplicadas em diferentes superf\u00edcies<\/strong>, como vidro, pl\u00e1stico e metal. Mas as vantagens n\u00e3o param por a\u00ed!<\/p>\n\n\n\n<h3 class=\"wp-block-heading\"><span class=\"ez-toc-section\" id=\"Atracao_de_clientes\"><\/span><strong>Atra\u00e7\u00e3o de clientes<\/strong><span class=\"ez-toc-section-end\"><\/span><\/h3>\n\n\n\n<p>Como mencionamos, as etiquetas personalizadas podem trazer <strong>destaque para o seu produto<\/strong>, o que, indiretamente, pode incentivar o consumidor a compra (ou ao concorrente, caso ele n\u00e3o ache a sua atrativa o suficiente).<\/p>\n\n\n\n<p>Ou seja, quando bem feita, a etiqueta pode se tornar um<strong> diferencial do produto.<\/strong> Nesse sentido, vale lembrar que seus concorrentes tamb\u00e9m est\u00e3o pensando nisso, portanto, seja criativo e estrat\u00e9gico.<\/p>\n\n\n\n<h3 class=\"wp-block-heading\"><span class=\"ez-toc-section\" id=\"Informacoes_e_conteudos\"><\/span><strong>Informa\u00e7\u00f5es e conte\u00fados<\/strong><span class=\"ez-toc-section-end\"><\/span><\/h3>\n\n\n\n<p>A etiqueta n\u00e3o \u00e9 s\u00f3 interessante para o neg\u00f3cio, ela tamb\u00e9m \u00e9 obrigat\u00f3ria<strong> <\/strong>na maioria dos casos. Existem algumas informa\u00e7\u00f5es que precisam ser passadas para o consumidor antes da compra, e isso \u00e9 feito atrav\u00e9s da embalagem.<\/p>\n\n\n\n<p>Principalmente quando falamos de produtos aliment\u00edcios, existem algumas informa\u00e7\u00f5es essenciais, como a<a href=\"https:\/\/www.ffetiquetas.com.br\/2022\/10\/10\/tabela-nutricional\/\" target=\"_blank\" rel=\"noreferrer noopener\"> <strong>tabela nutricional<\/strong><\/a>. Em todo o caso, o produto precisa ter uma identifica\u00e7\u00e3o, o que torna obrigat\u00f3rio a presen\u00e7a dos seguintes dados:<\/p>\n\n\n\n<ul class=\"wp-block-list\">\n<li>nome da empresa, localiza\u00e7\u00e3o e CNPJ;<\/li>\n\n\n\n<li>nome do produto;<\/li>\n\n\n\n<li>instru\u00e7\u00f5es, composi\u00e7\u00e3o e restri\u00e7\u00f5es sobre o produto.<\/li>\n<\/ul>\n\n\n\n<p>Al\u00e9m disso, voc\u00ea tamb\u00e9m pode utilizar essa vantagem ao seu favor, pois com as etiquetas personalizadas, tamb\u00e9m \u00e9 poss\u00edvel passar as informa\u00e7\u00f5es que voc\u00ea quer<strong> <\/strong>para o consumidor. Nesse caso, destaque os benef\u00edcios do produto e o que o diferencia da concorr\u00eancia positivamente (sem citar o concorrente, \u00e9 claro).<\/p>\n\n\n\n<h3 class=\"wp-block-heading\"><span class=\"ez-toc-section\" id=\"Identidade_visual_da_marca\"><\/span><strong>Identidade visual da marca<\/strong><span class=\"ez-toc-section-end\"><\/span><\/h3>\n\n\n\n<p>Tamb\u00e9m \u00e9 fundamental pensar em etiquetas personalizadas que estejam alinhadas com a identidade visual da marca, pois, dessa forma, o consumidor consegue <strong>associar o item \u00e0 empresa.<\/strong><\/p>\n\n\n\n<p>Isso \u00e9 central na hora de <strong>fidelizar clientes<\/strong>, assim como estabelecer autoridade no mercado. Afinal, de nada adianta a imagem da empresa consolidada se nenhum cliente associa o produto \u00e0 marca, o que acaba tornando a estrat\u00e9gia in\u00fatil.<\/p>\n\n\n\n<h2 class=\"wp-block-heading\"><span class=\"ez-toc-section\" id=\"A_F_F_Etiquetas\"><\/span><strong>A F&amp;F Etiquetas<\/strong><span class=\"ez-toc-section-end\"><\/span><\/h2>\n\n\n\n<p>Agora que voc\u00ea j\u00e1 sabe a import\u00e2ncia da embalagem, vamos entender porque a F&amp;F etiquetas pode ser o local ideal onde fazer etiquetas personalizadas.<\/p>\n\n\n\n<p>Apresentamos uma variedade de materiais muito grande, tanto para etiquetas quanto para r\u00f3tulos. Confira abaixo as principais:<\/p>\n\n\n\n<ul class=\"wp-block-list\">\n<li>etiquetas de lojas e magazines;<\/li>\n\n\n\n<li>etiquetas para roupas;<\/li>\n\n\n\n<li><a href=\"https:\/\/www.ffetiquetas.com.br\/2023\/01\/23\/etiquetas-transfer\/\" target=\"_blank\" rel=\"noreferrer noopener\">etiquetas de transfer<\/a>;<\/li>\n\n\n\n<li>etiquetas em branco<\/li>\n\n\n\n<li>etiquetas t\u00e9rmicas para balan\u00e7as;<\/li>\n\n\n\n<li>tags e <a href=\"https:\/\/www.ffetiquetas.com.br\/rotulos-personalizados\/\">r\u00f3tulos personalizados<\/a>.<\/li>\n<\/ul>\n\n\n\n<p>E muito mais! Dessa forma, independente do tipo de produto, conseguimos entregar uma etiqueta <strong>sofisticada, bonita e resistente.<\/strong><\/p>\n\n\n\n<p>Nossa miss\u00e3o \u00e9 exceder as expectativas dos nossos clientes de maneira <strong>econ\u00f4mica e sustent\u00e1vel<\/strong>, oferecendo suporte e custo-benef\u00edcio durante o servi\u00e7o, al\u00e9m do cumprimento dos prazos especificados.<\/p>\n\n\n\n<p>Quer conversar sobre as etiquetas personalizadas da F&amp;F etiquetas?<a href=\"https:\/\/www.ffetiquetas.com.br\/contato\/\" target=\"_blank\" rel=\"noreferrer noopener\"> Entre em contato conosco agora mesmo por meio do site.<\/a><\/p>\n","protected":false},"excerpt":{"rendered":"<p>As etiquetas, r\u00f3tulos e embalagens s\u00e3o a primeira impress\u00e3o que os consumidores t\u00eam do seu produto e, consequentemente, da sua marca. Por isso, na hora de escolher onde fazer etiquetas personalizadas, \u00e9 ideal contar com um fornecedor de qualidade, que vai garantir uma impress\u00e3o profissional, resistente e bonita. Nesse sentido, a F&amp;F etiquetas pode ser &hellip; <\/p>\n","protected":false},"author":1,"featured_media":1272,"comment_status":"open","ping_status":"open","sticky":false,"template":"","format":"standard","meta":{"footnotes":""},"categories":[6],"tags":[],"class_list":["post-1271","post","type-post","status-publish","format-standard","has-post-thumbnail","hentry","category-etiquetas","latest_post"],"yoast_head":"<!-- This site is optimized with the Yoast SEO plugin v23.0 - https:\/\/yoast.com\/wordpress\/plugins\/seo\/ -->\n<title>Saiba onde fazer etiquetas adesivas personalizadas!<\/title>\n<meta name=\"description\" content=\"Entenda a import\u00e2ncia e saiba onde fazer etiquetas personalizadas de qualidade para interessar consumidores.\" \/>\n<meta name=\"robots\" content=\"index, follow, max-snippet:-1, max-image-preview:large, max-video-preview:-1\" \/>\n<link rel=\"canonical\" href=\"https:\/\/www.ffetiquetas.com.br\/blog\/2023\/06\/26\/onde-fazer-etiquetas-personalizadas\/\" \/>\n<meta property=\"og:locale\" content=\"pt_BR\" \/>\n<meta property=\"og:type\" content=\"article\" \/>\n<meta property=\"og:title\" content=\"Saiba onde fazer etiquetas adesivas personalizadas!\" \/>\n<meta property=\"og:description\" content=\"Entenda a import\u00e2ncia e saiba onde fazer etiquetas personalizadas de qualidade para interessar consumidores.\" \/>\n<meta property=\"og:url\" content=\"https:\/\/www.ffetiquetas.com.br\/blog\/2023\/06\/26\/onde-fazer-etiquetas-personalizadas\/\" \/>\n<meta property=\"og:site_name\" content=\"Blog | F&amp;F Etiquetas\" \/>\n<meta property=\"article:published_time\" content=\"2023-06-26T14:01:21+00:00\" \/>\n<meta name=\"author\" content=\"admin\" \/>\n<meta name=\"twitter:card\" content=\"summary_large_image\" \/>\n<meta name=\"twitter:label1\" content=\"Escrito por\" \/>\n\t<meta name=\"twitter:data1\" content=\"admin\" \/>\n\t<meta name=\"twitter:label2\" content=\"Est. tempo de leitura\" \/>\n\t<meta name=\"twitter:data2\" content=\"4 minutos\" \/>\n<script type=\"application\/ld+json\" class=\"yoast-schema-graph\">{\"@context\":\"https:\/\/schema.org\",\"@graph\":[{\"@type\":\"Article\",\"@id\":\"https:\/\/www.ffetiquetas.com.br\/blog\/2023\/06\/26\/onde-fazer-etiquetas-personalizadas\/#article\",\"isPartOf\":{\"@id\":\"https:\/\/www.ffetiquetas.com.br\/blog\/2023\/06\/26\/onde-fazer-etiquetas-personalizadas\/\"},\"author\":{\"name\":\"admin\",\"@id\":\"https:\/\/www.ffetiquetas.com.br\/blog\/#\/schema\/person\/40702d9805d9211a8f1d0930f1bcb12c\"},\"headline\":\"Onde fazer etiquetas adesivas personalizadas? Conhe\u00e7a a F&amp;F Etiquetas!\",\"datePublished\":\"2023-06-26T14:01:21+00:00\",\"dateModified\":\"2023-06-26T14:01:21+00:00\",\"mainEntityOfPage\":{\"@id\":\"https:\/\/www.ffetiquetas.com.br\/blog\/2023\/06\/26\/onde-fazer-etiquetas-personalizadas\/\"},\"wordCount\":687,\"commentCount\":0,\"publisher\":{\"@id\":\"https:\/\/www.ffetiquetas.com.br\/blog\/#organization\"},\"image\":{\"@id\":\"https:\/\/www.ffetiquetas.com.br\/blog\/2023\/06\/26\/onde-fazer-etiquetas-personalizadas\/#primaryimage\"},\"thumbnailUrl\":\"\",\"articleSection\":[\"Etiquetas\"],\"inLanguage\":\"pt-BR\",\"potentialAction\":[{\"@type\":\"CommentAction\",\"name\":\"Comment\",\"target\":[\"https:\/\/www.ffetiquetas.com.br\/blog\/2023\/06\/26\/onde-fazer-etiquetas-personalizadas\/#respond\"]}]},{\"@type\":\"WebPage\",\"@id\":\"https:\/\/www.ffetiquetas.com.br\/blog\/2023\/06\/26\/onde-fazer-etiquetas-personalizadas\/\",\"url\":\"https:\/\/www.ffetiquetas.com.br\/blog\/2023\/06\/26\/onde-fazer-etiquetas-personalizadas\/\",\"name\":\"Saiba onde fazer etiquetas adesivas personalizadas!\",\"isPartOf\":{\"@id\":\"https:\/\/www.ffetiquetas.com.br\/blog\/#website\"},\"primaryImageOfPage\":{\"@id\":\"https:\/\/www.ffetiquetas.com.br\/blog\/2023\/06\/26\/onde-fazer-etiquetas-personalizadas\/#primaryimage\"},\"image\":{\"@id\":\"https:\/\/www.ffetiquetas.com.br\/blog\/2023\/06\/26\/onde-fazer-etiquetas-personalizadas\/#primaryimage\"},\"thumbnailUrl\":\"\",\"datePublished\":\"2023-06-26T14:01:21+00:00\",\"dateModified\":\"2023-06-26T14:01:21+00:00\",\"description\":\"Entenda a import\u00e2ncia e saiba onde fazer etiquetas personalizadas de qualidade para interessar consumidores.\",\"breadcrumb\":{\"@id\":\"https:\/\/www.ffetiquetas.com.br\/blog\/2023\/06\/26\/onde-fazer-etiquetas-personalizadas\/#breadcrumb\"},\"inLanguage\":\"pt-BR\",\"potentialAction\":[{\"@type\":\"ReadAction\",\"target\":[\"https:\/\/www.ffetiquetas.com.br\/blog\/2023\/06\/26\/onde-fazer-etiquetas-personalizadas\/\"]}]},{\"@type\":\"ImageObject\",\"inLanguage\":\"pt-BR\",\"@id\":\"https:\/\/www.ffetiquetas.com.br\/blog\/2023\/06\/26\/onde-fazer-etiquetas-personalizadas\/#primaryimage\",\"url\":\"\",\"contentUrl\":\"\"},{\"@type\":\"BreadcrumbList\",\"@id\":\"https:\/\/www.ffetiquetas.com.br\/blog\/2023\/06\/26\/onde-fazer-etiquetas-personalizadas\/#breadcrumb\",\"itemListElement\":[{\"@type\":\"ListItem\",\"position\":1,\"name\":\"In\u00edcio\",\"item\":\"https:\/\/www.ffetiquetas.com.br\/blog\/\"},{\"@type\":\"ListItem\",\"position\":2,\"name\":\"Onde fazer etiquetas adesivas personalizadas? Conhe\u00e7a a F&amp;F Etiquetas!\"}]},{\"@type\":\"WebSite\",\"@id\":\"https:\/\/www.ffetiquetas.com.br\/blog\/#website\",\"url\":\"https:\/\/www.ffetiquetas.com.br\/blog\/\",\"name\":\"Blog | F&amp;F Etiquetas\",\"description\":\"\",\"publisher\":{\"@id\":\"https:\/\/www.ffetiquetas.com.br\/blog\/#organization\"},\"potentialAction\":[{\"@type\":\"SearchAction\",\"target\":{\"@type\":\"EntryPoint\",\"urlTemplate\":\"https:\/\/www.ffetiquetas.com.br\/blog\/?s={search_term_string}\"},\"query-input\":\"required name=search_term_string\"}],\"inLanguage\":\"pt-BR\"},{\"@type\":\"Organization\",\"@id\":\"https:\/\/www.ffetiquetas.com.br\/blog\/#organization\",\"name\":\"Blog | F&amp;F Etiquetas\",\"url\":\"https:\/\/www.ffetiquetas.com.br\/blog\/\",\"logo\":{\"@type\":\"ImageObject\",\"inLanguage\":\"pt-BR\",\"@id\":\"https:\/\/www.ffetiquetas.com.br\/blog\/#\/schema\/logo\/image\/\",\"url\":\"https:\/\/www.ffetiquetas.com.br\/blog\/wp-content\/uploads\/2024\/07\/logo-1-2.png\",\"contentUrl\":\"https:\/\/www.ffetiquetas.com.br\/blog\/wp-content\/uploads\/2024\/07\/logo-1-2.png\",\"width\":820,\"height\":200,\"caption\":\"Blog | F&amp;F Etiquetas\"},\"image\":{\"@id\":\"https:\/\/www.ffetiquetas.com.br\/blog\/#\/schema\/logo\/image\/\"}},{\"@type\":\"Person\",\"@id\":\"https:\/\/www.ffetiquetas.com.br\/blog\/#\/schema\/person\/40702d9805d9211a8f1d0930f1bcb12c\",\"name\":\"admin\",\"image\":{\"@type\":\"ImageObject\",\"inLanguage\":\"pt-BR\",\"@id\":\"https:\/\/www.ffetiquetas.com.br\/blog\/#\/schema\/person\/image\/\",\"url\":\"https:\/\/secure.gravatar.com\/avatar\/ccfb0e0ad48eefce3b7df49741ce4d74febe9fac574a1e3e08da5d2e920f0105?s=96&d=mm&r=g\",\"contentUrl\":\"https:\/\/secure.gravatar.com\/avatar\/ccfb0e0ad48eefce3b7df49741ce4d74febe9fac574a1e3e08da5d2e920f0105?s=96&d=mm&r=g\",\"caption\":\"admin\"},\"sameAs\":[\"https:\/\/ffetiquetas.com.br\/blog\"],\"url\":\"https:\/\/www.ffetiquetas.com.br\/blog\/author\/admin\/\"}]}<\/script>\n<!-- \/ Yoast SEO plugin. -->","yoast_head_json":{"title":"Saiba onde fazer etiquetas adesivas personalizadas!","description":"Entenda a import\u00e2ncia e saiba onde fazer etiquetas personalizadas de qualidade para interessar consumidores.","robots":{"index":"index","follow":"follow","max-snippet":"max-snippet:-1","max-image-preview":"max-image-preview:large","max-video-preview":"max-video-preview:-1"},"canonical":"https:\/\/www.ffetiquetas.com.br\/blog\/2023\/06\/26\/onde-fazer-etiquetas-personalizadas\/","og_locale":"pt_BR","og_type":"article","og_title":"Saiba onde fazer etiquetas adesivas personalizadas!","og_description":"Entenda a import\u00e2ncia e saiba onde fazer etiquetas personalizadas de qualidade para interessar consumidores.","og_url":"https:\/\/www.ffetiquetas.com.br\/blog\/2023\/06\/26\/onde-fazer-etiquetas-personalizadas\/","og_site_name":"Blog | F&amp;F Etiquetas","article_published_time":"2023-06-26T14:01:21+00:00","author":"admin","twitter_card":"summary_large_image","twitter_misc":{"Escrito por":"admin","Est. tempo de leitura":"4 minutos"},"schema":{"@context":"https:\/\/schema.org","@graph":[{"@type":"Article","@id":"https:\/\/www.ffetiquetas.com.br\/blog\/2023\/06\/26\/onde-fazer-etiquetas-personalizadas\/#article","isPartOf":{"@id":"https:\/\/www.ffetiquetas.com.br\/blog\/2023\/06\/26\/onde-fazer-etiquetas-personalizadas\/"},"author":{"name":"admin","@id":"https:\/\/www.ffetiquetas.com.br\/blog\/#\/schema\/person\/40702d9805d9211a8f1d0930f1bcb12c"},"headline":"Onde fazer etiquetas adesivas personalizadas? Conhe\u00e7a a F&amp;F Etiquetas!","datePublished":"2023-06-26T14:01:21+00:00","dateModified":"2023-06-26T14:01:21+00:00","mainEntityOfPage":{"@id":"https:\/\/www.ffetiquetas.com.br\/blog\/2023\/06\/26\/onde-fazer-etiquetas-personalizadas\/"},"wordCount":687,"commentCount":0,"publisher":{"@id":"https:\/\/www.ffetiquetas.com.br\/blog\/#organization"},"image":{"@id":"https:\/\/www.ffetiquetas.com.br\/blog\/2023\/06\/26\/onde-fazer-etiquetas-personalizadas\/#primaryimage"},"thumbnailUrl":"","articleSection":["Etiquetas"],"inLanguage":"pt-BR","potentialAction":[{"@type":"CommentAction","name":"Comment","target":["https:\/\/www.ffetiquetas.com.br\/blog\/2023\/06\/26\/onde-fazer-etiquetas-personalizadas\/#respond"]}]},{"@type":"WebPage","@id":"https:\/\/www.ffetiquetas.com.br\/blog\/2023\/06\/26\/onde-fazer-etiquetas-personalizadas\/","url":"https:\/\/www.ffetiquetas.com.br\/blog\/2023\/06\/26\/onde-fazer-etiquetas-personalizadas\/","name":"Saiba onde fazer etiquetas adesivas personalizadas!","isPartOf":{"@id":"https:\/\/www.ffetiquetas.com.br\/blog\/#website"},"primaryImageOfPage":{"@id":"https:\/\/www.ffetiquetas.com.br\/blog\/2023\/06\/26\/onde-fazer-etiquetas-personalizadas\/#primaryimage"},"image":{"@id":"https:\/\/www.ffetiquetas.com.br\/blog\/2023\/06\/26\/onde-fazer-etiquetas-personalizadas\/#primaryimage"},"thumbnailUrl":"","datePublished":"2023-06-26T14:01:21+00:00","dateModified":"2023-06-26T14:01:21+00:00","description":"Entenda a import\u00e2ncia e saiba onde fazer etiquetas personalizadas de qualidade para interessar consumidores.","breadcrumb":{"@id":"https:\/\/www.ffetiquetas.com.br\/blog\/2023\/06\/26\/onde-fazer-etiquetas-personalizadas\/#breadcrumb"},"inLanguage":"pt-BR","potentialAction":[{"@type":"ReadAction","target":["https:\/\/www.ffetiquetas.com.br\/blog\/2023\/06\/26\/onde-fazer-etiquetas-personalizadas\/"]}]},{"@type":"ImageObject","inLanguage":"pt-BR","@id":"https:\/\/www.ffetiquetas.com.br\/blog\/2023\/06\/26\/onde-fazer-etiquetas-personalizadas\/#primaryimage","url":"","contentUrl":""},{"@type":"BreadcrumbList","@id":"https:\/\/www.ffetiquetas.com.br\/blog\/2023\/06\/26\/onde-fazer-etiquetas-personalizadas\/#breadcrumb","itemListElement":[{"@type":"ListItem","position":1,"name":"In\u00edcio","item":"https:\/\/www.ffetiquetas.com.br\/blog\/"},{"@type":"ListItem","position":2,"name":"Onde fazer etiquetas adesivas personalizadas? Conhe\u00e7a a F&amp;F Etiquetas!"}]},{"@type":"WebSite","@id":"https:\/\/www.ffetiquetas.com.br\/blog\/#website","url":"https:\/\/www.ffetiquetas.com.br\/blog\/","name":"Blog | F&amp;F Etiquetas","description":"","publisher":{"@id":"https:\/\/www.ffetiquetas.com.br\/blog\/#organization"},"potentialAction":[{"@type":"SearchAction","target":{"@type":"EntryPoint","urlTemplate":"https:\/\/www.ffetiquetas.com.br\/blog\/?s={search_term_string}"},"query-input":"required name=search_term_string"}],"inLanguage":"pt-BR"},{"@type":"Organization","@id":"https:\/\/www.ffetiquetas.com.br\/blog\/#organization","name":"Blog | F&amp;F Etiquetas","url":"https:\/\/www.ffetiquetas.com.br\/blog\/","logo":{"@type":"ImageObject","inLanguage":"pt-BR","@id":"https:\/\/www.ffetiquetas.com.br\/blog\/#\/schema\/logo\/image\/","url":"https:\/\/www.ffetiquetas.com.br\/blog\/wp-content\/uploads\/2024\/07\/logo-1-2.png","contentUrl":"https:\/\/www.ffetiquetas.com.br\/blog\/wp-content\/uploads\/2024\/07\/logo-1-2.png","width":820,"height":200,"caption":"Blog | F&amp;F Etiquetas"},"image":{"@id":"https:\/\/www.ffetiquetas.com.br\/blog\/#\/schema\/logo\/image\/"}},{"@type":"Person","@id":"https:\/\/www.ffetiquetas.com.br\/blog\/#\/schema\/person\/40702d9805d9211a8f1d0930f1bcb12c","name":"admin","image":{"@type":"ImageObject","inLanguage":"pt-BR","@id":"https:\/\/www.ffetiquetas.com.br\/blog\/#\/schema\/person\/image\/","url":"https:\/\/secure.gravatar.com\/avatar\/ccfb0e0ad48eefce3b7df49741ce4d74febe9fac574a1e3e08da5d2e920f0105?s=96&d=mm&r=g","contentUrl":"https:\/\/secure.gravatar.com\/avatar\/ccfb0e0ad48eefce3b7df49741ce4d74febe9fac574a1e3e08da5d2e920f0105?s=96&d=mm&r=g","caption":"admin"},"sameAs":["https:\/\/ffetiquetas.com.br\/blog"],"url":"https:\/\/www.ffetiquetas.com.br\/blog\/author\/admin\/"}]}},"_links":{"self":[{"href":"https:\/\/www.ffetiquetas.com.br\/blog\/wp-json\/wp\/v2\/posts\/1271","targetHints":{"allow":["GET"]}}],"collection":[{"href":"https:\/\/www.ffetiquetas.com.br\/blog\/wp-json\/wp\/v2\/posts"}],"about":[{"href":"https:\/\/www.ffetiquetas.com.br\/blog\/wp-json\/wp\/v2\/types\/post"}],"author":[{"embeddable":true,"href":"https:\/\/www.ffetiquetas.com.br\/blog\/wp-json\/wp\/v2\/users\/1"}],"replies":[{"embeddable":true,"href":"https:\/\/www.ffetiquetas.com.br\/blog\/wp-json\/wp\/v2\/comments?post=1271"}],"version-history":[{"count":0,"href":"https:\/\/www.ffetiquetas.com.br\/blog\/wp-json\/wp\/v2\/posts\/1271\/revisions"}],"wp:featuredmedia":[{"embeddable":true,"href":"https:\/\/www.ffetiquetas.com.br\/blog\/wp-json\/"}],"wp:attachment":[{"href":"https:\/\/www.ffetiquetas.com.br\/blog\/wp-json\/wp\/v2\/media?parent=1271"}],"wp:term":[{"taxonomy":"category","embeddable":true,"href":"https:\/\/www.ffetiquetas.com.br\/blog\/wp-json\/wp\/v2\/categories?post=1271"},{"taxonomy":"post_tag","embeddable":true,"href":"https:\/\/www.ffetiquetas.com.br\/blog\/wp-json\/wp\/v2\/tags?post=1271"}],"curies":[{"name":"wp","href":"https:\/\/api.w.org\/{rel}","templated":true}]}}